{"id":84,"date":"2014-04-02T21:09:57","date_gmt":"2014-04-02T20:09:57","guid":{"rendered":"http:\/\/www.hugorodriguez.com\/blog\/?p=84"},"modified":"2014-09-15T22:07:41","modified_gmt":"2014-09-15T21:07:41","slug":"genesis-la-exposicion-de-sebastiao-salgado-en-madrid","status":"publish","type":"post","link":"https:\/\/www.hugorodriguez.com\/blog\/2014\/04\/genesis-la-exposicion-de-sebastiao-salgado-en-madrid\/","title":{"rendered":"Genesis, la exposici\u00f3n de Sebastiao Salgado en Madrid"},"content":{"rendered":"<p>Aprovechando mi estancia en Madrid ayer me escape en un hueco a ver la expo de Salgado, &#8216;Genesis&#8217;, que ten\u00eda ganas. Ya me hab\u00edan hablado muy bien de ella y no me defraudo en absoluto.<br \/>\nHay multitud de fotos de una calidad indiscutible. Me gustaron especialmente algunos paisajes que me recordaron a los de mi venerado Ansel Adams (por cierto, su cumplea\u00f1os fue hace pocos dias) y algunas fotos del reportaje de ind\u00edgenas. Impresionante, por ejemplo, la de la casa que tienen construida a 20 metros de altura. Tambi\u00e9n algunos retratos en \u00c1frica me recordaron, inevitablemente, a los de mi colega\u00a0<a href=\"https:\/\/www.facebook.com\/GabrielBrauPhotography\" data-hovercard=\"\/ajax\/hovercard\/page.php?id=383411945067860\">Gabriel Brau Photography<\/a>.<\/p>\n<p><a href=\"http:\/\/www.hugorodriguez.com\/blog\/2014\/09\/genesis-la-exposicion-de-sebastiao-salgado-en-madrid\/exposicion-sebastiao-salgado-02\/\" rel=\"attachment wp-att-86\"><img loading=\"lazy\" decoding=\"async\" class=\"aligncenter size-large wp-image-86\" title=\"Exposicion Sebastiao Salgado 02\" src=\"http:\/\/www.hugorodriguez.com\/blog\/wp-content\/uploads\/2014\/09\/Exposicion-Sebastiao-Salgado-02-800x600.jpg\" alt=\"\" width=\"580\" height=\"435\" srcset=\"https:\/\/www.hugorodriguez.com\/blog\/wp-content\/uploads\/2014\/09\/Exposicion-Sebastiao-Salgado-02-800x600.jpg 800w, https:\/\/www.hugorodriguez.com\/blog\/wp-content\/uploads\/2014\/09\/Exposicion-Sebastiao-Salgado-02-450x338.jpg 450w, https:\/\/www.hugorodriguez.com\/blog\/wp-content\/uploads\/2014\/09\/Exposicion-Sebastiao-Salgado-02-500x375.jpg 500w, https:\/\/www.hugorodriguez.com\/blog\/wp-content\/uploads\/2014\/09\/Exposicion-Sebastiao-Salgado-02-705x528.jpg 705w, https:\/\/www.hugorodriguez.com\/blog\/wp-content\/uploads\/2014\/09\/Exposicion-Sebastiao-Salgado-02.jpg 1265w\" sizes=\"auto, (max-width: 580px) 100vw, 580px\" \/><\/a><\/p>\n<p>Los paisajes son excelentes, y muchos entran en la categor\u00eda de obras maestras solo al alcance de unos pocos mortales. Realmente MUY recomendable.<br \/>\nMe ha llamado la atenci\u00f3n el procesado de las im\u00e1genes. Sab\u00eda que hab\u00eda comenzado esta serie con c\u00e1mara de pel\u00edcula y terminado con digital, y ten\u00eda curiosidad por ver si se apreciaba el cambio y c\u00f3mo. En ese sentido, debo decir con franqueza que me ha decepcionado ligeramente el trabajo digital.<br \/>\nDespu\u00e9s de ver unas pocas fotos al inicio, era capaz de distinguir en pocos segundos si la foto en cuesti\u00f3n era qu\u00edmica (a mi eso de anal\u00f3gico me suena m\u00e1s a VHS) o digital, pero no por el grano (que tambi\u00e9n se distingu\u00eda mas o menos bien), sino por el procesado.<br \/>\nEn mi opini\u00f3n personal, el tratamiento de la imagen era claramente m\u00e1s natural y elegante en qu\u00edmico que en digital. Muchas im\u00e1genes digitales estaban algo &#8216;sobreprocesadas&#8217; y se acercaban peligrosamente a la categor\u00eda &#8216;HDR&#8217;, mientras que las de pel\u00edcula se ve\u00edan mejor, muy alteradas pero m\u00e1s naturales.<\/p>\n<p><a href=\"http:\/\/www.hugorodriguez.com\/blog\/2014\/09\/genesis-la-exposicion-de-sebastiao-salgado-en-madrid\/exposicion-sebastiao-salgado-03\/\" rel=\"attachment wp-att-87\"><img loading=\"lazy\" decoding=\"async\" class=\"aligncenter size-large wp-image-87\" title=\"Exposicion Sebastiao Salgado 03\" src=\"http:\/\/www.hugorodriguez.com\/blog\/wp-content\/uploads\/2014\/09\/Exposicion-Sebastiao-Salgado-03-800x600.jpg\" alt=\"\" width=\"580\" height=\"435\" srcset=\"https:\/\/www.hugorodriguez.com\/blog\/wp-content\/uploads\/2014\/09\/Exposicion-Sebastiao-Salgado-03-800x600.jpg 800w, https:\/\/www.hugorodriguez.com\/blog\/wp-content\/uploads\/2014\/09\/Exposicion-Sebastiao-Salgado-03-450x338.jpg 450w, https:\/\/www.hugorodriguez.com\/blog\/wp-content\/uploads\/2014\/09\/Exposicion-Sebastiao-Salgado-03-500x375.jpg 500w, https:\/\/www.hugorodriguez.com\/blog\/wp-content\/uploads\/2014\/09\/Exposicion-Sebastiao-Salgado-03-705x528.jpg 705w, https:\/\/www.hugorodriguez.com\/blog\/wp-content\/uploads\/2014\/09\/Exposicion-Sebastiao-Salgado-03.jpg 1265w\" sizes=\"auto, (max-width: 580px) 100vw, 580px\" \/><\/a><\/p>\n<p>Por otra parte, tambi\u00e9n se ve\u00eda claramente una diferencia en la curva de reproducci\u00f3n de la gama de grises de ambos tipos de fotos, sin que necesariamente quiera decir que una era mejor que la otra. Simplemente se apreciaban diferencias.<br \/>\nCon todo, no quiero decir que las digitales fueran malas ni much\u00edsimo menos (vaya, no me importar\u00eda en absoluto tener una colgada en el sal\u00f3n de casa\u00a0<em><\/em>\u00a0). Eran excelentes, sin duda. Pero en mi humilde opini\u00f3n podr\u00edan ser algo mejores con un tratamiento m\u00e1s similar al que ha usado con pel\u00edcula.<\/p>\n<p>&nbsp;<\/p>\n<p>[thumbnails width=\u00bb250&#8243; height=\u00bb250&#8243;]<\/p>\n","protected":false},"excerpt":{"rendered":"<p>Aprovechando mi estancia en Madrid ayer me escape en un hueco a ver la expo de Salgado, &#8216;Genesis&#8217;, que ten\u00eda ganas. Ya me hab\u00edan hablado muy bien de ella y no me defraudo en absoluto. Hay multitud de fotos de una calidad indiscutible. Me gustaron especialmente algunos paisajes que me recordaron a los de mi [&hellip;]<\/p>\n","protected":false},"author":1,"featured_media":85,"comment_status":"open","ping_status":"closed","sticky":false,"template":"","format":"standard","meta":{"footnotes":""},"categories":[81],"tags":[237,117],"class_list":["post-84","post","type-post","status-publish","format-standard","has-post-thumbnail","hentry","category-news","tag-bn","tag-exposiciones"],"_links":{"self":[{"href":"https:\/\/www.hugorodriguez.com\/blog\/wp-json\/wp\/v2\/posts\/84","targetHints":{"allow":["GET"]}}],"collection":[{"href":"https:\/\/www.hugorodriguez.com\/blog\/wp-json\/wp\/v2\/posts"}],"about":[{"href":"https:\/\/www.hugorodriguez.com\/blog\/wp-json\/wp\/v2\/types\/post"}],"author":[{"embeddable":true,"href":"https:\/\/www.hugorodriguez.com\/blog\/wp-json\/wp\/v2\/users\/1"}],"replies":[{"embeddable":true,"href":"https:\/\/www.hugorodriguez.com\/blog\/wp-json\/wp\/v2\/comments?post=84"}],"version-history":[{"count":5,"href":"https:\/\/www.hugorodriguez.com\/blog\/wp-json\/wp\/v2\/posts\/84\/revisions"}],"predecessor-version":[{"id":1041,"href":"https:\/\/www.hugorodriguez.com\/blog\/wp-json\/wp\/v2\/posts\/84\/revisions\/1041"}],"wp:featuredmedia":[{"embeddable":true,"href":"https:\/\/www.hugorodriguez.com\/blog\/wp-json\/wp\/v2\/media\/85"}],"wp:attachment":[{"href":"https:\/\/www.hugorodriguez.com\/blog\/wp-json\/wp\/v2\/media?parent=84"}],"wp:term":[{"taxonomy":"category","embeddable":true,"href":"https:\/\/www.hugorodriguez.com\/blog\/wp-json\/wp\/v2\/categories?post=84"},{"taxonomy":"post_tag","embeddable":true,"href":"https:\/\/www.hugorodriguez.com\/blog\/wp-json\/wp\/v2\/tags?post=84"}],"curies":[{"name":"wp","href":"https:\/\/api.w.org\/{rel}","templated":true}]}}