{"id":8330,"date":"2019-05-27T14:30:38","date_gmt":"2019-05-27T12:30:38","guid":{"rendered":"https:\/\/www.hugorodriguez.com\/blog\/?p=8330"},"modified":"2019-05-27T14:30:38","modified_gmt":"2019-05-27T12:30:38","slug":"workshop-de-gestion-de-color-para-fotografos-con-prisa-bcn-workshops-1-junio","status":"publish","type":"post","link":"https:\/\/www.hugorodriguez.com\/blog\/2019\/05\/workshop-de-gestion-de-color-para-fotografos-con-prisa-bcn-workshops-1-junio\/","title":{"rendered":"Workshop de gesti\u00f3n de color para fotografos con prisa &#8211; BCN Workshops 1 Junio"},"content":{"rendered":"<p><a href=\"http:\/\/barcelonaworkshops.net\/\"><img loading=\"lazy\" decoding=\"async\" class=\"aligncenter wp-image-8331 size-full\" src=\"https:\/\/www.hugorodriguez.com\/blog\/wp-content\/uploads\/2019\/05\/2019-06-01-Workshop-Gestion-color-BCN-Workshops.jpg\" alt=\"\" width=\"600\" height=\"555\" srcset=\"https:\/\/www.hugorodriguez.com\/blog\/wp-content\/uploads\/2019\/05\/2019-06-01-Workshop-Gestion-color-BCN-Workshops.jpg 600w, https:\/\/www.hugorodriguez.com\/blog\/wp-content\/uploads\/2019\/05\/2019-06-01-Workshop-Gestion-color-BCN-Workshops-450x416.jpg 450w, https:\/\/www.hugorodriguez.com\/blog\/wp-content\/uploads\/2019\/05\/2019-06-01-Workshop-Gestion-color-BCN-Workshops-80x74.jpg 80w, https:\/\/www.hugorodriguez.com\/blog\/wp-content\/uploads\/2019\/05\/2019-06-01-Workshop-Gestion-color-BCN-Workshops-500x463.jpg 500w\" sizes=\"auto, (max-width: 600px) 100vw, 600px\" \/><\/a><\/p>\n<p>Esta claro que la gesti\u00f3n de color cada vez genera m\u00e1s inter\u00e9s. Es normal: todos los fot\u00f3grafos buscan minimizar\u00a0problemas\u00a0y al mismo tiempo tener la tranquilidad de saber cu\u00e1l ser\u00e1 el resultado al imprimir o ver en pantalla. Y, si es posible, reducir los costes durante sus trabajos. Pues\u00a0justamente todo eso se puede conseguir aplicando una \u00fanica t\u00e9cnica&#8230; adivinas cu\u00e1l? En efecto,\u00a0con la gesti\u00f3n del color!\u00a0 Vente el 1 de\u00a0junio a Barcelona con\u00a0<a href=\"http:\/\/barcelonaworkshops.net\/talleres\/\" target=\"_blank\" rel=\"noopener\">BCN Workshops<\/a>\u00a0y aprender\u00e1s en un workshop de\u00a0un dia todo lo que necesitas saber para nadar \u00abcomo pez en el agua\u00bb\u00a0en el mundo de color.\u00a0Sin ahogarte.<\/p>\n<p>[baslider name=\u00bbGestionColorCapadociaConSin\u00bb]<\/p>\n<p>&nbsp;<\/p>\n<h3 style=\"text-align: center;\">PROGRAMA<\/h3>\n<p><strong>\u00a0<\/strong>El taller se desarrollar\u00e1\u00a0 el\u00a0s\u00e1bado de 10 a 14 y 16 a 20 h. Habr\u00e1 ejercicios pr\u00e1cticos.<\/p>\n<h3 style=\"text-align: center;\">TEMARIO<\/h3>\n<p><strong>\u00a0<\/strong>\u00a0<div  class='flex_column av-5atl0o-0e0673cf7d67ed11d5200a2ce5b2169f av_one_half  avia-builder-el-0  el_before_av_one_half  avia-builder-el-first  first flex_column_div  '     ><ol>\n<li>INTRODUCCI\u00d3N.<\/li>\n<\/ol>\n<p>a)\u00a0 \u00a0 \u00bfQu\u00e9 es exactamente el color?<br \/>\nb)\u00a0 \u00a0 C\u00f3mo funciona la gesti\u00f3n del color.<br \/>\nc)\u00a0 \u00a0 Luz normalizada.<\/p>\n<ol start=\"2\">\n<li>UN POCO DE COLORIMETR\u00cdA<\/li>\n<\/ol>\n<p>a)\u00a0\u00a0\u00a0\u00a0 Mapas, espacios y perfiles de color.<br \/>\nb)\u00a0\u00a0\u00a0 Instalar perfiles.<br \/>\nc)\u00a0\u00a0\u00a0\u00a0 Configuraci\u00f3n de Photoshop.<\/p>\n<ol start=\"3\">\n<li>LA CALIBRACI\u00d3N DEL MONITOR.<\/li>\n<\/ol>\n<p>a)\u00a0\u00a0\u00a0\u00a0 Calibrar y perfilar.<br \/>\nb)\u00a0\u00a0\u00a0 Punto blanco, negro y gamma.<br \/>\nc)\u00a0\u00a0\u00a0\u00a0 Calibrar con un calibrador (EyeOne Display).<\/p><\/div><\/p>\n<div  class='flex_column av-4gbbzc-4ac10cc30bdfa266f78ceb3a26d06018 av_one_half  avia-builder-el-1  el_after_av_one_half  avia-builder-el-last  flex_column_div  '     ><ol start=\"4\">\n<li>OPERACIONES CON PERFILES<\/li>\n<\/ol>\n<p>a)\u00a0 \u00a0 \u00a0Convertir a un perfil. Pr\u00e1ctica.<br \/>\nb)\u00a0 \u00a0 Perfiles ICC e Internet.<br \/>\nc)\u00a0 \u00a0 \u00a0\u00a0Gesti\u00f3n de color en ACR, Lightroom y Capture One<\/p>\n<ol start=\"5\">\n<li>PERFILAR LA C\u00c1MARA DIGITAL.<\/li>\n<\/ol>\n<p>a)\u00a0 \u00a0 Calibrar con Adobe Camera RAW.<br \/>\nb)\u00a0 \u00a0 Ejercicio: perfilar la c\u00e1mara digital.<\/p>\n<ol start=\"6\">\n<li>GESTI\u00d3N DE COLOR EN LA IMPRESI\u00d3N<\/li>\n<\/ol>\n<p>a)\u00a0 \u00a0 Perfiles gen\u00e9ricos y personalizados.<br \/>\nb)\u00a0 \u00a0 Previsualizaci\u00f3n de la impresi\u00f3n (softproof).<br \/>\nc)\u00a0 \u00a0 \u00a0La conversi\u00f3n final. Flujo de trabajo.<\/p><\/div>\n<p>&nbsp;<\/p>\n<p>\u00bfTe vienes?\u00a0<a href=\"http:\/\/barcelonaworkshops.net\/contacto\/\" target=\"_blank\" rel=\"noopener\">Contacta con nosotros!<\/a><\/p>\n<p>&nbsp;<\/p>\n<p>&nbsp;<\/p>\n","protected":false},"excerpt":{"rendered":"<p>Esta claro que la gesti\u00f3n de color cada vez genera m\u00e1s inter\u00e9s. Es normal: todos los fot\u00f3grafos buscan minimizar\u00a0problemas\u00a0y al mismo tiempo tener la tranquilidad de saber cu\u00e1l ser\u00e1 el resultado al imprimir o ver en pantalla. Y, si es posible, reducir los costes durante sus trabajos. Pues\u00a0justamente todo eso se puede conseguir aplicando una [&hellip;]<\/p>\n","protected":false},"author":1,"featured_media":8331,"comment_status":"open","ping_status":"closed","sticky":false,"template":"","format":"standard","meta":{"footnotes":""},"categories":[63],"tags":[54,182,23,11,119],"class_list":["post-8330","post","type-post","status-publish","format-standard","has-post-thumbnail","hentry","category-cursos","tag-barcelona","tag-bcn-workshops","tag-calibracion","tag-gestion-color","tag-workshops"],"_links":{"self":[{"href":"https:\/\/www.hugorodriguez.com\/blog\/wp-json\/wp\/v2\/posts\/8330","targetHints":{"allow":["GET"]}}],"collection":[{"href":"https:\/\/www.hugorodriguez.com\/blog\/wp-json\/wp\/v2\/posts"}],"about":[{"href":"https:\/\/www.hugorodriguez.com\/blog\/wp-json\/wp\/v2\/types\/post"}],"author":[{"embeddable":true,"href":"https:\/\/www.hugorodriguez.com\/blog\/wp-json\/wp\/v2\/users\/1"}],"replies":[{"embeddable":true,"href":"https:\/\/www.hugorodriguez.com\/blog\/wp-json\/wp\/v2\/comments?post=8330"}],"version-history":[{"count":4,"href":"https:\/\/www.hugorodriguez.com\/blog\/wp-json\/wp\/v2\/posts\/8330\/revisions"}],"predecessor-version":[{"id":8344,"href":"https:\/\/www.hugorodriguez.com\/blog\/wp-json\/wp\/v2\/posts\/8330\/revisions\/8344"}],"wp:featuredmedia":[{"embeddable":true,"href":"https:\/\/www.hugorodriguez.com\/blog\/wp-json\/wp\/v2\/media\/8331"}],"wp:attachment":[{"href":"https:\/\/www.hugorodriguez.com\/blog\/wp-json\/wp\/v2\/media?parent=8330"}],"wp:term":[{"taxonomy":"category","embeddable":true,"href":"https:\/\/www.hugorodriguez.com\/blog\/wp-json\/wp\/v2\/categories?post=8330"},{"taxonomy":"post_tag","embeddable":true,"href":"https:\/\/www.hugorodriguez.com\/blog\/wp-json\/wp\/v2\/tags?post=8330"}],"curies":[{"name":"wp","href":"https:\/\/api.w.org\/{rel}","templated":true}]}}