{"id":824,"date":"2014-05-15T11:51:39","date_gmt":"2014-05-15T10:51:39","guid":{"rendered":"http:\/\/www.hugorodriguez.com\/blog\/?p=824"},"modified":"2014-10-20T22:20:59","modified_gmt":"2014-10-20T21:20:59","slug":"como-calibrar-el-monitor-con-i1-display-pro-el-nuevo-videocurso-en-witcamp","status":"publish","type":"post","link":"https:\/\/www.hugorodriguez.com\/blog\/2014\/05\/como-calibrar-el-monitor-con-i1-display-pro-el-nuevo-videocurso-en-witcamp\/","title":{"rendered":"Como calibrar el monitor con i1 Display Pro, el nuevo videocurso en Witcamp"},"content":{"rendered":"<p>Finalmente, despu\u00e9s de varias semanas de laboriosa preparaci\u00f3n y edici\u00f3n, he terminado y publicado un nuevo videocurso en la plataforma de e-learning\u00a0<a href=\"http:\/\/www.witcamp.com\" target=\"_blank\" data-hovercard=\"\/ajax\/hovercard\/page.php?id=297928383632297\">Witcamp<\/a>:<\/p>\n<p><a href=\"http:\/\/www.witcamp.com\/cursos\/como-calibrar-del-monitor-con-i1-display-pro\"><img loading=\"lazy\" decoding=\"async\" class=\"aligncenter wp-image-825 size-medium\" src=\"http:\/\/www.hugorodriguez.com\/blog\/wp-content\/uploads\/2014\/09\/Hugo-Rodriguez_Como-calibrar-el-monitor-con-DisplayPro-500x500.jpg\" alt=\"Hugo-Rodriguez_Como-calibrar-el-monitor-con-DisplayPro\" width=\"500\" height=\"500\" srcset=\"https:\/\/www.hugorodriguez.com\/blog\/wp-content\/uploads\/2014\/09\/Hugo-Rodriguez_Como-calibrar-el-monitor-con-DisplayPro-500x500.jpg 500w, https:\/\/www.hugorodriguez.com\/blog\/wp-content\/uploads\/2014\/09\/Hugo-Rodriguez_Como-calibrar-el-monitor-con-DisplayPro-450x450.jpg 450w, https:\/\/www.hugorodriguez.com\/blog\/wp-content\/uploads\/2014\/09\/Hugo-Rodriguez_Como-calibrar-el-monitor-con-DisplayPro-100x100.jpg 100w, https:\/\/www.hugorodriguez.com\/blog\/wp-content\/uploads\/2014\/09\/Hugo-Rodriguez_Como-calibrar-el-monitor-con-DisplayPro-250x250.jpg 250w, https:\/\/www.hugorodriguez.com\/blog\/wp-content\/uploads\/2014\/09\/Hugo-Rodriguez_Como-calibrar-el-monitor-con-DisplayPro-36x36.jpg 36w, https:\/\/www.hugorodriguez.com\/blog\/wp-content\/uploads\/2014\/09\/Hugo-Rodriguez_Como-calibrar-el-monitor-con-DisplayPro-180x180.jpg 180w, https:\/\/www.hugorodriguez.com\/blog\/wp-content\/uploads\/2014\/09\/Hugo-Rodriguez_Como-calibrar-el-monitor-con-DisplayPro-705x705.jpg 705w, https:\/\/www.hugorodriguez.com\/blog\/wp-content\/uploads\/2014\/09\/Hugo-Rodriguez_Como-calibrar-el-monitor-con-DisplayPro.jpg 800w\" sizes=\"auto, (max-width: 500px) 100vw, 500px\" \/><\/a><\/p>\n<p>El programa formativo est\u00e1 dividido en 10 v\u00eddeos de unos 10-15 minutos cada uno y se centra en los siguientes contenidos:<\/p>\n<p>&#8211; Introducci\u00f3n<br \/>\n&#8211; Instalaci\u00f3n del software<br \/>\n&#8211; Pasos previos a la calibraci\u00f3n<br \/>\n&#8211; Ajuste de color del blanco<br \/>\n&#8211; Ajuste de brillo<br \/>\n&#8211; La gamma<br \/>\n&#8211; El perfilado<br \/>\n&#8211; Verificaci\u00f3n del resultado final<br \/>\n&#8211; Comentarios finales<br \/>\n&#8211; C\u00f3mo preparar una imagen para que se visualice correctamente en Internet<\/p>\n<p>En el workspace del curso hay material adicional: im\u00e1genes de test, fondos de pantalla id\u00f3neos para un entorno neutro, etc&#8230;<\/p>\n","protected":false},"excerpt":{"rendered":"<p>Finalmente, despu\u00e9s de varias semanas de laboriosa preparaci\u00f3n y edici\u00f3n, he terminado y publicado un nuevo videocurso en la plataforma de e-learning\u00a0Witcamp: El programa formativo est\u00e1 dividido en 10 v\u00eddeos de unos 10-15 minutos cada uno y se centra en los siguientes contenidos: &#8211; Introducci\u00f3n &#8211; Instalaci\u00f3n del software &#8211; Pasos previos a la calibraci\u00f3n [&hellip;]<\/p>\n","protected":false},"author":1,"featured_media":825,"comment_status":"open","ping_status":"closed","sticky":false,"template":"","format":"standard","meta":{"footnotes":""},"categories":[63,16],"tags":[23,11,234,37,38],"class_list":["post-824","post","type-post","status-publish","format-standard","has-post-thumbnail","hentry","category-cursos","category-monitores","tag-calibracion","tag-gestion-color","tag-monitores","tag-videocursos-2","tag-witcamp"],"_links":{"self":[{"href":"https:\/\/www.hugorodriguez.com\/blog\/wp-json\/wp\/v2\/posts\/824","targetHints":{"allow":["GET"]}}],"collection":[{"href":"https:\/\/www.hugorodriguez.com\/blog\/wp-json\/wp\/v2\/posts"}],"about":[{"href":"https:\/\/www.hugorodriguez.com\/blog\/wp-json\/wp\/v2\/types\/post"}],"author":[{"embeddable":true,"href":"https:\/\/www.hugorodriguez.com\/blog\/wp-json\/wp\/v2\/users\/1"}],"replies":[{"embeddable":true,"href":"https:\/\/www.hugorodriguez.com\/blog\/wp-json\/wp\/v2\/comments?post=824"}],"version-history":[{"count":3,"href":"https:\/\/www.hugorodriguez.com\/blog\/wp-json\/wp\/v2\/posts\/824\/revisions"}],"predecessor-version":[{"id":1364,"href":"https:\/\/www.hugorodriguez.com\/blog\/wp-json\/wp\/v2\/posts\/824\/revisions\/1364"}],"wp:featuredmedia":[{"embeddable":true,"href":"https:\/\/www.hugorodriguez.com\/blog\/wp-json\/wp\/v2\/media\/825"}],"wp:attachment":[{"href":"https:\/\/www.hugorodriguez.com\/blog\/wp-json\/wp\/v2\/media?parent=824"}],"wp:term":[{"taxonomy":"category","embeddable":true,"href":"https:\/\/www.hugorodriguez.com\/blog\/wp-json\/wp\/v2\/categories?post=824"},{"taxonomy":"post_tag","embeddable":true,"href":"https:\/\/www.hugorodriguez.com\/blog\/wp-json\/wp\/v2\/tags?post=824"}],"curies":[{"name":"wp","href":"https:\/\/api.w.org\/{rel}","templated":true}]}}