{"id":5433,"date":"2017-10-25T09:06:19","date_gmt":"2017-10-25T08:06:19","guid":{"rendered":"http:\/\/www.hugorodriguez.com\/blog\/?p=5433"},"modified":"2018-09-06T10:13:53","modified_gmt":"2018-09-06T09:13:53","slug":"workshop-gestion-de-color-en-moja","status":"publish","type":"post","link":"https:\/\/www.hugorodriguez.com\/blog\/2017\/10\/workshop-gestion-de-color-en-moja\/","title":{"rendered":"Workshop gestion de color en Moja"},"content":{"rendered":"<p><a href=\"http:\/\/www.hugorodriguez.com\/blog\/wp-content\/uploads\/2017\/10\/Workshop-gestio-color-Moja_resize.jpg\"><img loading=\"lazy\" decoding=\"async\" class=\"aligncenter size-medium wp-image-5434\" src=\"http:\/\/www.hugorodriguez.com\/blog\/wp-content\/uploads\/2017\/10\/Workshop-gestio-color-Moja_resize-400x500.jpg\" alt=\"Workshop gestio-color-Moja_resize\" width=\"400\" height=\"500\" srcset=\"https:\/\/www.hugorodriguez.com\/blog\/wp-content\/uploads\/2017\/10\/Workshop-gestio-color-Moja_resize-400x500.jpg 400w, https:\/\/www.hugorodriguez.com\/blog\/wp-content\/uploads\/2017\/10\/Workshop-gestio-color-Moja_resize-450x563.jpg 450w, https:\/\/www.hugorodriguez.com\/blog\/wp-content\/uploads\/2017\/10\/Workshop-gestio-color-Moja_resize-200x250.jpg 200w, https:\/\/www.hugorodriguez.com\/blog\/wp-content\/uploads\/2017\/10\/Workshop-gestio-color-Moja_resize-564x705.jpg 564w, https:\/\/www.hugorodriguez.com\/blog\/wp-content\/uploads\/2017\/10\/Workshop-gestio-color-Moja_resize.jpg 640w\" sizes=\"auto, (max-width: 400px) 100vw, 400px\" \/><\/a><\/p>\n<p>El pr\u00f3ximo 11 de noviembre estar\u00e9 impartiendo un workshop sobre gesti\u00f3n del color en Moja (junto a Vilafranca del Pened\u00e8s). Durar\u00e1 todo el dia y estar\u00e1 orientado a explicar:<\/p>\n<ul>\n<li>Los conceptos b\u00e1sicos.<\/li>\n<li>El manejo de perfiles en Photoshop, Camera RAW y Lightroom.<\/li>\n<li>La calibraci\u00f3n del monitor.<\/li>\n<li>Calibraci\u00f3n de c\u00e1mara con Camera RAW.<\/li>\n<li>Gesti\u00f3n del color al compartir fotos en Internet.<\/li>\n<\/ul>\n<p>Puedes contactar directamente con la asociaci\u00f3n a trav\u00e9s de <a href=\"http:\/\/www.afm.cat\/\" target=\"_blank\">su p\u00e1gina web<\/a>.<\/p>\n<p>Nos vemos all\u00ed!<\/p>\n","protected":false},"excerpt":{"rendered":"<p>El pr\u00f3ximo 11 de noviembre estar\u00e9 impartiendo un workshop sobre gesti\u00f3n del color en Moja (junto a Vilafranca del Pened\u00e8s). Durar\u00e1 todo el dia y estar\u00e1 orientado a explicar: Los conceptos b\u00e1sicos. El manejo de perfiles en Photoshop, Camera RAW y Lightroom. La calibraci\u00f3n del monitor. Calibraci\u00f3n de c\u00e1mara con Camera RAW. Gesti\u00f3n del color [&hellip;]<\/p>\n","protected":false},"author":1,"featured_media":5434,"comment_status":"open","ping_status":"closed","sticky":false,"template":"","format":"standard","meta":{"footnotes":""},"categories":[63],"tags":[23,11,119],"class_list":["post-5433","post","type-post","status-publish","format-standard","has-post-thumbnail","hentry","category-cursos","tag-calibracion","tag-gestion-color","tag-workshops"],"_links":{"self":[{"href":"https:\/\/www.hugorodriguez.com\/blog\/wp-json\/wp\/v2\/posts\/5433","targetHints":{"allow":["GET"]}}],"collection":[{"href":"https:\/\/www.hugorodriguez.com\/blog\/wp-json\/wp\/v2\/posts"}],"about":[{"href":"https:\/\/www.hugorodriguez.com\/blog\/wp-json\/wp\/v2\/types\/post"}],"author":[{"embeddable":true,"href":"https:\/\/www.hugorodriguez.com\/blog\/wp-json\/wp\/v2\/users\/1"}],"replies":[{"embeddable":true,"href":"https:\/\/www.hugorodriguez.com\/blog\/wp-json\/wp\/v2\/comments?post=5433"}],"version-history":[{"count":1,"href":"https:\/\/www.hugorodriguez.com\/blog\/wp-json\/wp\/v2\/posts\/5433\/revisions"}],"predecessor-version":[{"id":5435,"href":"https:\/\/www.hugorodriguez.com\/blog\/wp-json\/wp\/v2\/posts\/5433\/revisions\/5435"}],"wp:featuredmedia":[{"embeddable":true,"href":"https:\/\/www.hugorodriguez.com\/blog\/wp-json\/wp\/v2\/media\/5434"}],"wp:attachment":[{"href":"https:\/\/www.hugorodriguez.com\/blog\/wp-json\/wp\/v2\/media?parent=5433"}],"wp:term":[{"taxonomy":"category","embeddable":true,"href":"https:\/\/www.hugorodriguez.com\/blog\/wp-json\/wp\/v2\/categories?post=5433"},{"taxonomy":"post_tag","embeddable":true,"href":"https:\/\/www.hugorodriguez.com\/blog\/wp-json\/wp\/v2\/tags?post=5433"}],"curies":[{"name":"wp","href":"https:\/\/api.w.org\/{rel}","templated":true}]}}