{"id":5427,"date":"2017-10-16T19:22:31","date_gmt":"2017-10-16T18:22:31","guid":{"rendered":"http:\/\/www.hugorodriguez.com\/blog\/?p=5427"},"modified":"2018-09-06T10:13:59","modified_gmt":"2018-09-06T09:13:59","slug":"simetrias","status":"publish","type":"post","link":"https:\/\/www.hugorodriguez.com\/blog\/2017\/10\/simetrias\/","title":{"rendered":"Simetr\u00edas"},"content":{"rendered":"<p>Estando en Le\u00f3n aprovech\u00e9 para fotografiar el interior de la bas\u00edlica de San Isidoro. No es que yo sea muy dado a fotografiar templos religiosos, pero hay que reconocer que en la zona de castilla hay muchos que valen la pena ser vistos, tanto por fuera como por dentro.<br \/>\nLa de San Isidoro no es la m\u00e1s grande en Le\u00f3n (la catedral lo es mucho m\u00e1s), pero es sin duda muy grande. Decid\u00ed tomar una panor\u00e1mica de 360\u00ba y el resultado fue este:<\/p>\n<p><a href=\"http:\/\/www.hugorodriguez.com\/blog\/wp-content\/uploads\/2017\/10\/Pano-Basilica-San-Isidoro-A-crop.jpg\"><img loading=\"lazy\" decoding=\"async\" class=\"aligncenter size-large wp-image-5428\" src=\"http:\/\/www.hugorodriguez.com\/blog\/wp-content\/uploads\/2017\/10\/Pano-Basilica-San-Isidoro-A-crop-800x216.jpg\" alt=\"Pano Basilica San Isidoro A\" width=\"800\" height=\"216\" srcset=\"https:\/\/www.hugorodriguez.com\/blog\/wp-content\/uploads\/2017\/10\/Pano-Basilica-San-Isidoro-A-crop-800x216.jpg 800w, https:\/\/www.hugorodriguez.com\/blog\/wp-content\/uploads\/2017\/10\/Pano-Basilica-San-Isidoro-A-crop-450x122.jpg 450w, https:\/\/www.hugorodriguez.com\/blog\/wp-content\/uploads\/2017\/10\/Pano-Basilica-San-Isidoro-A-crop-250x67.jpg 250w, https:\/\/www.hugorodriguez.com\/blog\/wp-content\/uploads\/2017\/10\/Pano-Basilica-San-Isidoro-A-crop-500x135.jpg 500w, https:\/\/www.hugorodriguez.com\/blog\/wp-content\/uploads\/2017\/10\/Pano-Basilica-San-Isidoro-A-crop-705x190.jpg 705w, https:\/\/www.hugorodriguez.com\/blog\/wp-content\/uploads\/2017\/10\/Pano-Basilica-San-Isidoro-A-crop.jpg 960w\" sizes=\"auto, (max-width: 800px) 100vw, 800px\" \/><\/a><\/p>\n<p>Es bonita, aunque al haber realizado ya unas cuantas en lugares similares, tienden a parecerse mucho (por los bancos, las columnas y los arcos) y me sorprende poco.<br \/>\nAs\u00ed que decid\u00ed optar por crear una vista diferente, utilizando la proyecci\u00f3n Little planet, y el resultado fue este, que encuentro -de lejos- m\u00e1s interesante:<\/p>\n<p><a href=\"http:\/\/www.hugorodriguez.com\/blog\/wp-content\/uploads\/2017\/10\/Pano-Basilica-San-Isidoro-A-SNS-Polar-p.jpg\"><img loading=\"lazy\" decoding=\"async\" class=\"aligncenter size-large wp-image-5429\" src=\"http:\/\/www.hugorodriguez.com\/blog\/wp-content\/uploads\/2017\/10\/Pano-Basilica-San-Isidoro-A-SNS-Polar-p-800x656.jpg\" alt=\"Pano Basilica San Isidoro A Polar\" width=\"800\" height=\"656\" srcset=\"https:\/\/www.hugorodriguez.com\/blog\/wp-content\/uploads\/2017\/10\/Pano-Basilica-San-Isidoro-A-SNS-Polar-p-800x656.jpg 800w, https:\/\/www.hugorodriguez.com\/blog\/wp-content\/uploads\/2017\/10\/Pano-Basilica-San-Isidoro-A-SNS-Polar-p-450x369.jpg 450w, https:\/\/www.hugorodriguez.com\/blog\/wp-content\/uploads\/2017\/10\/Pano-Basilica-San-Isidoro-A-SNS-Polar-p-250x205.jpg 250w, https:\/\/www.hugorodriguez.com\/blog\/wp-content\/uploads\/2017\/10\/Pano-Basilica-San-Isidoro-A-SNS-Polar-p-500x410.jpg 500w, https:\/\/www.hugorodriguez.com\/blog\/wp-content\/uploads\/2017\/10\/Pano-Basilica-San-Isidoro-A-SNS-Polar-p-705x578.jpg 705w, https:\/\/www.hugorodriguez.com\/blog\/wp-content\/uploads\/2017\/10\/Pano-Basilica-San-Isidoro-A-SNS-Polar-p.jpg 819w\" sizes=\"auto, (max-width: 800px) 100vw, 800px\" \/><\/a><\/p>\n<p>Este post est\u00e1 patrocinado por\u00a0<a href=\"http:\/\/www.benq.com\/product\/monitor\/color-management\" target=\"_blank\">BenQ Professional Monitors for Color Management<\/a>\u00a0y tambi\u00e9n aparece publicada en\u00a0<a href=\"https:\/\/www.facebook.com\/Photogenic-by-BenQ-1048121168563916\" target=\"_blank\">Photogenic by BenQ<\/a>. Hugo Rodr\u00edguez es un\u00a0<a href=\"http:\/\/www.benq.com\/solution\/monitor\/experts\/\" target=\"_blank\">BenQ Monitor Expert &amp; Ambassador<\/a>.<\/p>\n","protected":false},"excerpt":{"rendered":"<p>Estando en Le\u00f3n aprovech\u00e9 para fotografiar el interior de la bas\u00edlica de San Isidoro. No es que yo sea muy dado a fotografiar templos religiosos, pero hay que reconocer que en la zona de castilla hay muchos que valen la pena ser vistos, tanto por fuera como por dentro. La de San Isidoro no es [&hellip;]<\/p>\n","protected":false},"author":1,"featured_media":5429,"comment_status":"open","ping_status":"closed","sticky":false,"template":"","format":"standard","meta":{"footnotes":""},"categories":[120],"tags":[150,108,240],"class_list":["post-5427","post","type-post","status-publish","format-standard","has-post-thumbnail","hentry","category-fotos","tag-benq","tag-paisaje","tag-panoramicas"],"_links":{"self":[{"href":"https:\/\/www.hugorodriguez.com\/blog\/wp-json\/wp\/v2\/posts\/5427","targetHints":{"allow":["GET"]}}],"collection":[{"href":"https:\/\/www.hugorodriguez.com\/blog\/wp-json\/wp\/v2\/posts"}],"about":[{"href":"https:\/\/www.hugorodriguez.com\/blog\/wp-json\/wp\/v2\/types\/post"}],"author":[{"embeddable":true,"href":"https:\/\/www.hugorodriguez.com\/blog\/wp-json\/wp\/v2\/users\/1"}],"replies":[{"embeddable":true,"href":"https:\/\/www.hugorodriguez.com\/blog\/wp-json\/wp\/v2\/comments?post=5427"}],"version-history":[{"count":2,"href":"https:\/\/www.hugorodriguez.com\/blog\/wp-json\/wp\/v2\/posts\/5427\/revisions"}],"predecessor-version":[{"id":5431,"href":"https:\/\/www.hugorodriguez.com\/blog\/wp-json\/wp\/v2\/posts\/5427\/revisions\/5431"}],"wp:featuredmedia":[{"embeddable":true,"href":"https:\/\/www.hugorodriguez.com\/blog\/wp-json\/wp\/v2\/media\/5429"}],"wp:attachment":[{"href":"https:\/\/www.hugorodriguez.com\/blog\/wp-json\/wp\/v2\/media?parent=5427"}],"wp:term":[{"taxonomy":"category","embeddable":true,"href":"https:\/\/www.hugorodriguez.com\/blog\/wp-json\/wp\/v2\/categories?post=5427"},{"taxonomy":"post_tag","embeddable":true,"href":"https:\/\/www.hugorodriguez.com\/blog\/wp-json\/wp\/v2\/tags?post=5427"}],"curies":[{"name":"wp","href":"https:\/\/api.w.org\/{rel}","templated":true}]}}