{"id":5185,"date":"2017-05-17T10:00:42","date_gmt":"2017-05-17T09:00:42","guid":{"rendered":"http:\/\/www.hugorodriguez.com\/blog\/?p=5185"},"modified":"2017-05-17T10:00:42","modified_gmt":"2017-05-17T09:00:42","slug":"conferencia-gestion-del-color-en-fotok-bcn","status":"publish","type":"post","link":"https:\/\/www.hugorodriguez.com\/blog\/2017\/05\/conferencia-gestion-del-color-en-fotok-bcn\/","title":{"rendered":"Conferencia gesti\u00f3n del color en FotoK (BCN)"},"content":{"rendered":"<p><a href=\"https:\/\/fotokblog.es\/x-rite-hugo-rodriguez\/\"><img loading=\"lazy\" decoding=\"async\" class=\"aligncenter size-large wp-image-5186\" src=\"http:\/\/www.hugorodriguez.com\/blog\/wp-content\/uploads\/2017\/05\/ES_FOTOK-Facebook-FoC-Banner-800x296.png\" alt=\"ES_FOTOK-Facebook-FoC-Banner\" width=\"800\" height=\"296\" srcset=\"https:\/\/www.hugorodriguez.com\/blog\/wp-content\/uploads\/2017\/05\/ES_FOTOK-Facebook-FoC-Banner-800x296.png 800w, https:\/\/www.hugorodriguez.com\/blog\/wp-content\/uploads\/2017\/05\/ES_FOTOK-Facebook-FoC-Banner-450x167.png 450w, https:\/\/www.hugorodriguez.com\/blog\/wp-content\/uploads\/2017\/05\/ES_FOTOK-Facebook-FoC-Banner-250x92.png 250w, https:\/\/www.hugorodriguez.com\/blog\/wp-content\/uploads\/2017\/05\/ES_FOTOK-Facebook-FoC-Banner-500x185.png 500w, https:\/\/www.hugorodriguez.com\/blog\/wp-content\/uploads\/2017\/05\/ES_FOTOK-Facebook-FoC-Banner-705x261.png 705w, https:\/\/www.hugorodriguez.com\/blog\/wp-content\/uploads\/2017\/05\/ES_FOTOK-Facebook-FoC-Banner.png 1280w\" sizes=\"auto, (max-width: 800px) 100vw, 800px\" \/><\/a><\/p>\n<p>La tarde del 17 de mayo estar\u00e9 de 17 a 19h impartiendo una conferencia sobre la gesti\u00f3n del color y su aplicaci\u00f3n con equipos de X-rite en la tienda Foto K, en Ronda Universitat.<\/p>\n<p>Hugo Rodriguez es miembro del grupo Coloratti de gur\u00fas del color internacional de X-rite.<\/p>\n<p>&nbsp;<\/p>\n","protected":false},"excerpt":{"rendered":"<p>La tarde del 17 de mayo estar\u00e9 de 17 a 19h impartiendo una conferencia sobre la gesti\u00f3n del color y su aplicaci\u00f3n con equipos de X-rite en la tienda Foto K, en Ronda Universitat. Hugo Rodriguez es miembro del grupo Coloratti de gur\u00fas del color internacional de X-rite. &nbsp;<\/p>\n","protected":false},"author":1,"featured_media":5186,"comment_status":"open","ping_status":"closed","sticky":false,"template":"","format":"standard","meta":{"footnotes":""},"categories":[63],"tags":[23,90,20,11,234,67],"class_list":["post-5185","post","type-post","status-publish","format-standard","has-post-thumbnail","hentry","category-cursos","tag-calibracion","tag-colorchecker","tag-conferencias","tag-gestion-color","tag-monitores","tag-x-rite"],"_links":{"self":[{"href":"https:\/\/www.hugorodriguez.com\/blog\/wp-json\/wp\/v2\/posts\/5185","targetHints":{"allow":["GET"]}}],"collection":[{"href":"https:\/\/www.hugorodriguez.com\/blog\/wp-json\/wp\/v2\/posts"}],"about":[{"href":"https:\/\/www.hugorodriguez.com\/blog\/wp-json\/wp\/v2\/types\/post"}],"author":[{"embeddable":true,"href":"https:\/\/www.hugorodriguez.com\/blog\/wp-json\/wp\/v2\/users\/1"}],"replies":[{"embeddable":true,"href":"https:\/\/www.hugorodriguez.com\/blog\/wp-json\/wp\/v2\/comments?post=5185"}],"version-history":[{"count":3,"href":"https:\/\/www.hugorodriguez.com\/blog\/wp-json\/wp\/v2\/posts\/5185\/revisions"}],"predecessor-version":[{"id":5189,"href":"https:\/\/www.hugorodriguez.com\/blog\/wp-json\/wp\/v2\/posts\/5185\/revisions\/5189"}],"wp:featuredmedia":[{"embeddable":true,"href":"https:\/\/www.hugorodriguez.com\/blog\/wp-json\/wp\/v2\/media\/5186"}],"wp:attachment":[{"href":"https:\/\/www.hugorodriguez.com\/blog\/wp-json\/wp\/v2\/media?parent=5185"}],"wp:term":[{"taxonomy":"category","embeddable":true,"href":"https:\/\/www.hugorodriguez.com\/blog\/wp-json\/wp\/v2\/categories?post=5185"},{"taxonomy":"post_tag","embeddable":true,"href":"https:\/\/www.hugorodriguez.com\/blog\/wp-json\/wp\/v2\/tags?post=5185"}],"curies":[{"name":"wp","href":"https:\/\/api.w.org\/{rel}","templated":true}]}}