{"id":4956,"date":"2017-03-14T16:04:01","date_gmt":"2017-03-14T15:04:01","guid":{"rendered":"http:\/\/www.hugorodriguez.com\/blog\/?p=4956"},"modified":"2017-03-14T16:04:01","modified_gmt":"2017-03-14T15:04:01","slug":"cala-galdana-menorca-benq-backstories","status":"publish","type":"post","link":"https:\/\/www.hugorodriguez.com\/blog\/2017\/03\/cala-galdana-menorca-benq-backstories\/","title":{"rendered":"Cala Galdana, Menorca, BenQ backstories"},"content":{"rendered":"<p>Menorca es un peque\u00f1o para\u00edso que tenemos los espa\u00f1oles. No hace falta cruzar el atl\u00e1ntico en busca de Hawai o el \u00edndico hacia las maldivas para pasar unos d\u00edas en un peque\u00f1o para\u00edso. Menorca est\u00e1 repleta de lugares preciosos y muy fotog\u00e9nicos. Uno de ellos \u2013uno de muchos- es Cala Galdana, una cala de tama\u00f1o mediano situada en la costa sur. Est\u00e1 metida hacia el interior y protegida por una especia de \u201centrada\u201d. Fue precisamente esta entrada la que me llam\u00f3 m\u00e1s la atenci\u00f3n, por la simetr\u00eda de la composici\u00f3n.<br \/>\nEra un dia bastante gris y frio. La iluminaci\u00f3n, demasiado suave aunque con nubes interesantes pero muy empastadas. A media tarde el aspecto era este:<\/p>\n<p><a href=\"http:\/\/www.hugorodriguez.com\/blog\/wp-content\/uploads\/2017\/03\/Menorca-03-original.jpg\"><img loading=\"lazy\" decoding=\"async\" class=\"aligncenter size-medium wp-image-4957\" src=\"http:\/\/www.hugorodriguez.com\/blog\/wp-content\/uploads\/2017\/03\/Menorca-03-original-500x332.jpg\" alt=\"Menorca 03 original\" width=\"500\" height=\"332\" srcset=\"https:\/\/www.hugorodriguez.com\/blog\/wp-content\/uploads\/2017\/03\/Menorca-03-original-500x332.jpg 500w, https:\/\/www.hugorodriguez.com\/blog\/wp-content\/uploads\/2017\/03\/Menorca-03-original-450x299.jpg 450w, https:\/\/www.hugorodriguez.com\/blog\/wp-content\/uploads\/2017\/03\/Menorca-03-original-250x166.jpg 250w, https:\/\/www.hugorodriguez.com\/blog\/wp-content\/uploads\/2017\/03\/Menorca-03-original-705x468.jpg 705w, https:\/\/www.hugorodriguez.com\/blog\/wp-content\/uploads\/2017\/03\/Menorca-03-original.jpg 800w\" sizes=\"auto, (max-width: 500px) 100vw, 500px\" \/><\/a><\/p>\n<p>Un aumento de contraste y una expansi\u00f3n en las luces (tal como explico en mi \u00faltimo libro) para resaltar las nubes me permiti\u00f3 conseguir este resultado en pocos segundos:<\/p>\n<p><a href=\"http:\/\/www.hugorodriguez.com\/blog\/wp-content\/uploads\/2017\/03\/Menorca-03.jpg\"><img loading=\"lazy\" decoding=\"async\" class=\"aligncenter size-medium wp-image-4958\" src=\"http:\/\/www.hugorodriguez.com\/blog\/wp-content\/uploads\/2017\/03\/Menorca-03-500x332.jpg\" alt=\"Menorca 03\" width=\"500\" height=\"332\" srcset=\"https:\/\/www.hugorodriguez.com\/blog\/wp-content\/uploads\/2017\/03\/Menorca-03-500x332.jpg 500w, https:\/\/www.hugorodriguez.com\/blog\/wp-content\/uploads\/2017\/03\/Menorca-03-450x299.jpg 450w, https:\/\/www.hugorodriguez.com\/blog\/wp-content\/uploads\/2017\/03\/Menorca-03-250x166.jpg 250w, https:\/\/www.hugorodriguez.com\/blog\/wp-content\/uploads\/2017\/03\/Menorca-03-705x468.jpg 705w, https:\/\/www.hugorodriguez.com\/blog\/wp-content\/uploads\/2017\/03\/Menorca-03.jpg 800w\" sizes=\"auto, (max-width: 500px) 100vw, 500px\" \/><\/a><\/p>\n<p>Pero no fue hasta cuando se acerc\u00f3 el anochecer cuando la cosa se puso verdaderamente interesante. Todo se ti\u00f1\u00f3 de azul y el contraste baj\u00f3 mucho, quedando una escena casi de pel\u00edcula. No me hizo falta ajustar gran cosa en el revelado; \u00fanicamente aplicar una suave expansi\u00f3n de las sombras y listo.<br \/>\nPara conseguir este resultado, \u00fanicamente tuve que colocar el tr\u00edpode y ajustar el tiempo de exposici\u00f3n a 8 segundos (ISO 100) hasta conseguir una exposici\u00f3n correcta. Ese tiempo tan largo permiti\u00f3 que el agua quedara con ese aspecto tan pl\u00e1stico y poco definido, lo que ayuda a enfatizar el cierto aire \u201cmisterioso\u201d que rodea a la imagen.<br \/>\nUna vez m\u00e1s, la paciencia, un cierto olfato fotogr\u00e1fico y un buen control de la t\u00e9cnica son tres importantes claves para conseguir buenos resultados.<\/p>\n<p><a href=\"http:\/\/www.hugorodriguez.com\/blog\/wp-content\/uploads\/2017\/03\/Cala-Galdana-Menorca-36-1200px.jpg\"><img loading=\"lazy\" decoding=\"async\" class=\"aligncenter size-large wp-image-4959\" src=\"http:\/\/www.hugorodriguez.com\/blog\/wp-content\/uploads\/2017\/03\/Cala-Galdana-Menorca-36-1200px-800x593.jpg\" alt=\"Cala Galdana - Menorca 36 1200px\" width=\"800\" height=\"593\" srcset=\"https:\/\/www.hugorodriguez.com\/blog\/wp-content\/uploads\/2017\/03\/Cala-Galdana-Menorca-36-1200px-800x593.jpg 800w, https:\/\/www.hugorodriguez.com\/blog\/wp-content\/uploads\/2017\/03\/Cala-Galdana-Menorca-36-1200px-450x334.jpg 450w, https:\/\/www.hugorodriguez.com\/blog\/wp-content\/uploads\/2017\/03\/Cala-Galdana-Menorca-36-1200px-250x185.jpg 250w, https:\/\/www.hugorodriguez.com\/blog\/wp-content\/uploads\/2017\/03\/Cala-Galdana-Menorca-36-1200px-500x370.jpg 500w, https:\/\/www.hugorodriguez.com\/blog\/wp-content\/uploads\/2017\/03\/Cala-Galdana-Menorca-36-1200px-705x522.jpg 705w, https:\/\/www.hugorodriguez.com\/blog\/wp-content\/uploads\/2017\/03\/Cala-Galdana-Menorca-36-1200px.jpg 1200w\" sizes=\"auto, (max-width: 800px) 100vw, 800px\" \/><\/a><\/p>\n<p>Este post est\u00e1 patrocinado por\u00a0<a href=\"http:\/\/www.benq.com\/product\/monitor\/color-management\" target=\"_blank\">BenQ Professional Monitors for Color Management<\/a>\u00a0y tambi\u00e9n aparece en\u00a0<a href=\"https:\/\/www.facebook.com\/Photogenic-by-BenQ-1048121168563916\" target=\"_blank\">Photogenic by BenQ<\/a>. Hugo Rodr\u00edguez es un\u00a0<a href=\"http:\/\/www.benq.com\/solution\/monitor\/experts\/\" target=\"_blank\">BenQ Monitor Expert &amp; Ambassador<\/a>.<\/p>\n","protected":false},"excerpt":{"rendered":"<p>Menorca es un peque\u00f1o para\u00edso que tenemos los espa\u00f1oles. No hace falta cruzar el atl\u00e1ntico en busca de Hawai o el \u00edndico hacia las maldivas para pasar unos d\u00edas en un peque\u00f1o para\u00edso. Menorca est\u00e1 repleta de lugares preciosos y muy fotog\u00e9nicos. Uno de ellos \u2013uno de muchos- es Cala Galdana, una cala de tama\u00f1o [&hellip;]<\/p>\n","protected":false},"author":1,"featured_media":4959,"comment_status":"open","ping_status":"closed","sticky":false,"template":"","format":"standard","meta":{"footnotes":""},"categories":[120],"tags":[150,108],"class_list":["post-4956","post","type-post","status-publish","format-standard","has-post-thumbnail","hentry","category-fotos","tag-benq","tag-paisaje"],"_links":{"self":[{"href":"https:\/\/www.hugorodriguez.com\/blog\/wp-json\/wp\/v2\/posts\/4956","targetHints":{"allow":["GET"]}}],"collection":[{"href":"https:\/\/www.hugorodriguez.com\/blog\/wp-json\/wp\/v2\/posts"}],"about":[{"href":"https:\/\/www.hugorodriguez.com\/blog\/wp-json\/wp\/v2\/types\/post"}],"author":[{"embeddable":true,"href":"https:\/\/www.hugorodriguez.com\/blog\/wp-json\/wp\/v2\/users\/1"}],"replies":[{"embeddable":true,"href":"https:\/\/www.hugorodriguez.com\/blog\/wp-json\/wp\/v2\/comments?post=4956"}],"version-history":[{"count":3,"href":"https:\/\/www.hugorodriguez.com\/blog\/wp-json\/wp\/v2\/posts\/4956\/revisions"}],"predecessor-version":[{"id":10720,"href":"https:\/\/www.hugorodriguez.com\/blog\/wp-json\/wp\/v2\/posts\/4956\/revisions\/10720"}],"wp:featuredmedia":[{"embeddable":true,"href":"https:\/\/www.hugorodriguez.com\/blog\/wp-json\/wp\/v2\/media\/4959"}],"wp:attachment":[{"href":"https:\/\/www.hugorodriguez.com\/blog\/wp-json\/wp\/v2\/media?parent=4956"}],"wp:term":[{"taxonomy":"category","embeddable":true,"href":"https:\/\/www.hugorodriguez.com\/blog\/wp-json\/wp\/v2\/categories?post=4956"},{"taxonomy":"post_tag","embeddable":true,"href":"https:\/\/www.hugorodriguez.com\/blog\/wp-json\/wp\/v2\/tags?post=4956"}],"curies":[{"name":"wp","href":"https:\/\/api.w.org\/{rel}","templated":true}]}}