{"id":4664,"date":"2017-02-14T12:21:48","date_gmt":"2017-02-14T11:21:48","guid":{"rendered":"http:\/\/www.hugorodriguez.com\/blog\/?p=4664"},"modified":"2019-04-02T12:54:40","modified_gmt":"2019-04-02T10:54:40","slug":"workshop-de-gestion-del-color-en-la-escuela-digifoto-2","status":"publish","type":"post","link":"https:\/\/www.hugorodriguez.com\/blog\/2017\/02\/workshop-de-gestion-del-color-en-la-escuela-digifoto-2\/","title":{"rendered":"Workshop de Gesti\u00f3n del color en la escuela DigiFoto"},"content":{"rendered":"<p><img loading=\"lazy\" decoding=\"async\" class=\"aligncenter size-full wp-image-4974\" src=\"http:\/\/www.hugorodriguez.com\/blog\/wp-content\/uploads\/2017\/02\/2017-02-25-TALLER-GESTION-COLOR-Digifoto-600px.jpg\" alt=\"2017-02-25 TALLER GESTION COLOR Digifoto 600px\" width=\"600\" height=\"383\" srcset=\"https:\/\/www.hugorodriguez.com\/blog\/wp-content\/uploads\/2017\/02\/2017-02-25-TALLER-GESTION-COLOR-Digifoto-600px.jpg 600w, https:\/\/www.hugorodriguez.com\/blog\/wp-content\/uploads\/2017\/02\/2017-02-25-TALLER-GESTION-COLOR-Digifoto-600px-450x287.jpg 450w, https:\/\/www.hugorodriguez.com\/blog\/wp-content\/uploads\/2017\/02\/2017-02-25-TALLER-GESTION-COLOR-Digifoto-600px-250x159.jpg 250w, https:\/\/www.hugorodriguez.com\/blog\/wp-content\/uploads\/2017\/02\/2017-02-25-TALLER-GESTION-COLOR-Digifoto-600px-500x319.jpg 500w\" sizes=\"auto, (max-width: 600px) 100vw, 600px\" \/><\/p>\n<p>Esta claro que la gesti\u00f3n de color cada vez genera m\u00e1s inter\u00e9s. Es normal: todos los fot\u00f3grafos buscan reducir los costes durante sus trabajos, eliminar problemas\u00a0y al mismo tiempo tener la tranquilidad de saber cu\u00e1l ser\u00e1 el resultado al imprimir o ver en pantalla. Y justamente todo eso es lo que se consigue con la gesti\u00f3n del color&#8230;<\/p>\n<p>En el curso explicar\u00e9 las bases de la gesti\u00f3n del color, c\u00f3mo calibrar una pantalla (lo mostrar\u00e9 con el i1 Display Pro), c\u00f3mo usar perfiles de color y de qu\u00e9 forma utilizar el perfil del laboratorio, no lo dudes: este es tu curso!<\/p>\n<p>Toda la informaci\u00f3n, aqui:\u00a0<a href=\"http:\/\/tonigarca.wixsite.com\/escoladefotografia\/tallers\" target=\"_blank\">http:\/\/tonigarca.wixsite.com\/escoladefotografia\/tallers<\/a><\/p>\n<p>&nbsp;<\/p>\n<h3 style=\"text-align: center;\">PROGRAMA<\/h3>\n<p><strong>\u00a0<\/strong>El taller se impartir\u00e1\u00a0en una jornada, de 10 a 20 h. Habr\u00e1 ejercicios pr\u00e1cticos.<\/p>\n<p>&nbsp;<\/p>\n<h3 style=\"text-align: center;\">TEMARIO<\/h3>\n<p><strong>\u00a0<\/strong><\/p>\n<div  class='flex_column av-41n5lk-afc50fa93b428e7f5369df79743d4e5a av_one_half  avia-builder-el-0  el_before_av_one_half  avia-builder-el-first  first flex_column_div  '     ><ol>\n<li>INTRODUCCI\u00d3N.<\/li>\n<\/ol>\n<p>a)\u00a0\u00a0\u00a0\u00a0 \u00bfQu\u00e9 es exactamente el color?<\/p>\n<p>b) \u00a0 \u00a0C\u00f3mo funciona la gesti\u00f3n del color.<\/p>\n<p>c) \u00a0 \u00a0\u00a0Luz normalizada.<\/p>\n<ol start=\"2\">\n<li>UN POCO DE COLORIMETR\u00cdA<\/li>\n<\/ol>\n<p>a)\u00a0\u00a0\u00a0\u00a0 Mapas, espacios y perfiles de color.<\/p>\n<p>b) \u00a0 \u00a0Configuraci\u00f3n de Photoshop.<\/p>\n<ol start=\"3\">\n<li>LA CALIBRACI\u00d3N DEL MONITOR.<\/li>\n<\/ol>\n<p>a)\u00a0\u00a0\u00a0\u00a0 Calibrar y perfilar.<\/p>\n<p>b)\u00a0\u00a0\u00a0 Punto blanco, negro y gamma.<\/p>\n<p>c)\u00a0\u00a0\u00a0\u00a0 Calibrar con un calibrador (EyeOne Display).<\/p><\/div>\n<div  class='flex_column av-2mbsyw-8ad002a41442ece5dac3e877451102a9 av_one_half  avia-builder-el-1  el_after_av_one_half  avia-builder-el-last  flex_column_div  '     ><ol start=\"4\">\n<li>OPERACIONES CON PERFILES<\/li>\n<\/ol>\n<p>a)\u00a0\u00a0\u00a0\u00a0 Asignar un perfil. Pr\u00e1ctica.<\/p>\n<p>b)\u00a0\u00a0\u00a0 Convertir a un perfil. Pr\u00e1ctica.<\/p>\n<p>c)\u00a0\u00a0\u00a0\u00a0 Prop\u00f3sitos de conversi\u00f3n.<\/p>\n<p>d)\u00a0\u00a0\u00a0 Perfiles ICC e Internet.<\/p>\n<p>e)\u00a0\u00a0\u00a0\u00a0 Gesti\u00f3n de color en ACR, Lightroom y Capture One.<\/p>\n<ol start=\"5\">\n<li>GESTI\u00d3N DE COLOR EN LA IMPRESI\u00d3N<\/li>\n<\/ol>\n<p>a)\u00a0\u00a0\u00a0\u00a0 Perfiles gen\u00e9ricos y personalizados.<\/p>\n<p>b)\u00a0\u00a0\u00a0 C\u00f3mo usar el perfil del laboratorio.<\/p>\n<p>c)\u00a0\u00a0\u00a0\u00a0 Previsualizaci\u00f3n de la impresi\u00f3n (softproof).<\/p>\n<p>d)\u00a0\u00a0\u00a0 La conversi\u00f3n final.<\/p><\/div>\n<p>&nbsp;<\/p>\n","protected":false},"excerpt":{"rendered":"<p>Esta claro que la gesti\u00f3n de color cada vez genera m\u00e1s inter\u00e9s. Es normal: todos los fot\u00f3grafos buscan reducir los costes durante sus trabajos, eliminar problemas\u00a0y al mismo tiempo tener la tranquilidad de saber cu\u00e1l ser\u00e1 el resultado al imprimir o ver en pantalla. Y justamente todo eso es lo que se consigue con la [&hellip;]<\/p>\n","protected":false},"author":1,"featured_media":4974,"comment_status":"open","ping_status":"closed","sticky":false,"template":"","format":"standard","meta":{"footnotes":""},"categories":[63],"tags":[23,11,119],"class_list":["post-4664","post","type-post","status-publish","format-standard","has-post-thumbnail","hentry","category-cursos","tag-calibracion","tag-gestion-color","tag-workshops"],"_links":{"self":[{"href":"https:\/\/www.hugorodriguez.com\/blog\/wp-json\/wp\/v2\/posts\/4664","targetHints":{"allow":["GET"]}}],"collection":[{"href":"https:\/\/www.hugorodriguez.com\/blog\/wp-json\/wp\/v2\/posts"}],"about":[{"href":"https:\/\/www.hugorodriguez.com\/blog\/wp-json\/wp\/v2\/types\/post"}],"author":[{"embeddable":true,"href":"https:\/\/www.hugorodriguez.com\/blog\/wp-json\/wp\/v2\/users\/1"}],"replies":[{"embeddable":true,"href":"https:\/\/www.hugorodriguez.com\/blog\/wp-json\/wp\/v2\/comments?post=4664"}],"version-history":[{"count":5,"href":"https:\/\/www.hugorodriguez.com\/blog\/wp-json\/wp\/v2\/posts\/4664\/revisions"}],"predecessor-version":[{"id":7831,"href":"https:\/\/www.hugorodriguez.com\/blog\/wp-json\/wp\/v2\/posts\/4664\/revisions\/7831"}],"wp:featuredmedia":[{"embeddable":true,"href":"https:\/\/www.hugorodriguez.com\/blog\/wp-json\/wp\/v2\/media\/4974"}],"wp:attachment":[{"href":"https:\/\/www.hugorodriguez.com\/blog\/wp-json\/wp\/v2\/media?parent=4664"}],"wp:term":[{"taxonomy":"category","embeddable":true,"href":"https:\/\/www.hugorodriguez.com\/blog\/wp-json\/wp\/v2\/categories?post=4664"},{"taxonomy":"post_tag","embeddable":true,"href":"https:\/\/www.hugorodriguez.com\/blog\/wp-json\/wp\/v2\/tags?post=4664"}],"curies":[{"name":"wp","href":"https:\/\/api.w.org\/{rel}","templated":true}]}}