{"id":4393,"date":"2017-01-26T13:43:34","date_gmt":"2017-01-26T12:43:34","guid":{"rendered":"http:\/\/www.hugorodriguez.com\/blog\/?p=4393"},"modified":"2019-04-02T12:54:40","modified_gmt":"2019-04-02T10:54:40","slug":"workshop-de-gestion-de-color-en-bcn-workshops","status":"publish","type":"post","link":"https:\/\/www.hugorodriguez.com\/blog\/2017\/01\/workshop-de-gestion-de-color-en-bcn-workshops\/","title":{"rendered":"Workshop de gesti\u00f3n de color en BCN Workshops"},"content":{"rendered":"<p>&nbsp;<\/p>\n<p><a href=\"http:\/\/barcelonaworkshops.net\/talleres\/\" target=\"_blank\"><img loading=\"lazy\" decoding=\"async\" class=\"aligncenter wp-image-4398 size-full\" src=\"http:\/\/www.hugorodriguez.com\/blog\/wp-content\/uploads\/2017\/01\/2017-02-06-Workshop-gestion-color-BCN-Workshops.jpg\" alt=\"2017-02-06 Workshop gestion color BCN Workshops\" width=\"600\" height=\"467\" srcset=\"https:\/\/www.hugorodriguez.com\/blog\/wp-content\/uploads\/2017\/01\/2017-02-06-Workshop-gestion-color-BCN-Workshops.jpg 600w, https:\/\/www.hugorodriguez.com\/blog\/wp-content\/uploads\/2017\/01\/2017-02-06-Workshop-gestion-color-BCN-Workshops-450x350.jpg 450w, https:\/\/www.hugorodriguez.com\/blog\/wp-content\/uploads\/2017\/01\/2017-02-06-Workshop-gestion-color-BCN-Workshops-250x194.jpg 250w, https:\/\/www.hugorodriguez.com\/blog\/wp-content\/uploads\/2017\/01\/2017-02-06-Workshop-gestion-color-BCN-Workshops-500x389.jpg 500w\" sizes=\"auto, (max-width: 600px) 100vw, 600px\" \/><\/a><\/p>\n<p>Esta claro que la gesti\u00f3n de color cada vez genera m\u00e1s inter\u00e9s. Es normal: todos los fot\u00f3grafos buscan minimizar\u00a0problemas\u00a0y al mismo tiempo tener la tranquilidad de saber cu\u00e1l ser\u00e1 el resultado al imprimir o ver en pantalla. Y, si es posible, reducir los costes durante sus trabajos.<\/p>\n<p>Pues\u00a0justamente todo eso se puede conseguir aplicando una \u00fanica t\u00e9cnica&#8230; adivinas cu\u00e1l? En efecto,\u00a0con la gesti\u00f3n del color!<a href=\"http:\/\/www.hugorodriguez.com\/blog\/wp-content\/uploads\/2016\/04\/img_gestion-color-bas-2014.jpg\"><br \/>\n<\/a><\/p>\n<p>&nbsp;<\/p>\n<p>Si te quieres apuntar, vente del 6 al 10 de febrero al estudio <a href=\"http:\/\/www.thecatwalkstudio.com\/cms\/es\/\" target=\"_blank\">Catwalk\u00a0<\/a>(Barcelona) con <a href=\"http:\/\/barcelonaworkshops.net\/talleres\/\" target=\"_blank\">BCN Workshops<\/a> y aprender\u00e1s en un workshop de cinco\u00a0dias TODO lo que necesitas saber (y m\u00e1s) para nadar \u00abcomo pez en el agua\u00bb\u00a0en el mundo de color.\u00a0Sin ahogarte.<\/p>\n<p>&nbsp;<\/p>\n<h3 style=\"text-align: center;\">PROGRAMA<\/h3>\n<p><strong>\u00a0<\/strong>El taller se desarrollar\u00e1\u00a0 en cinco jornadas consecutivas, de lunes a viernes en el mismo horario, de 19 a 22 h. Habr\u00e1 ejercicios pr\u00e1cticos.<\/p>\n<p>&nbsp;<\/p>\n<h3 style=\"text-align: center;\">TEMARIO<\/h3>\n<p><strong>\u00a0<\/strong><\/p>\n<div  class='flex_column av-3ms64p-9ed7430259a254a2e3acdf3f6d2b793c av_one_half  avia-builder-el-0  el_before_av_one_half  avia-builder-el-first  first flex_column_div  '     ><ol>\n<li>INTRODUCCI\u00d3N.<\/li>\n<\/ol>\n<p>a)\u00a0\u00a0\u00a0\u00a0 \u00bfQu\u00e9 es exactamente el color?<\/p>\n<p>b)\u00a0\u00a0\u00a0 La necesidad de controlar el color.<\/p>\n<p>c)\u00a0\u00a0\u00a0\u00a0 C\u00f3mo funciona la gesti\u00f3n del color.<\/p>\n<p>d)\u00a0\u00a0\u00a0 Luz normalizada.<\/p>\n<ol start=\"2\">\n<li>UN POCO DE COLORIMETR\u00cdA<\/li>\n<\/ol>\n<p>a)\u00a0\u00a0\u00a0\u00a0 Mapas, espacios y perfiles de color.<\/p>\n<p>b)\u00a0\u00a0\u00a0 Instalar perfiles.<\/p>\n<p>c)\u00a0\u00a0\u00a0\u00a0 Configuraci\u00f3n de Photoshop.<\/p>\n<ol start=\"3\">\n<li>LA CALIBRACI\u00d3N DEL MONITOR.<\/li>\n<\/ol>\n<p>a)\u00a0\u00a0\u00a0\u00a0 Calibrar y perfilar.<\/p>\n<p>b)\u00a0\u00a0\u00a0 Punto blanco, negro y gamma.<\/p>\n<p>c)\u00a0\u00a0\u00a0\u00a0 Calibrar con un calibrador (EyeOne Display, Spyder o ColorMunki).<\/p><\/div>\n<div  class='flex_column av-1vai6h-894ec22e3e531900777617312bb212c3 av_one_half  avia-builder-el-1  el_after_av_one_half  avia-builder-el-last  flex_column_div  '     ><ol start=\"4\">\n<li>OPERACIONES CON PERFILES<\/li>\n<\/ol>\n<p>a)\u00a0\u00a0\u00a0\u00a0 Asignar un perfil. Pr\u00e1ctica.<\/p>\n<p>b)\u00a0\u00a0\u00a0 Convertir a un perfil. Pr\u00e1ctica.<\/p>\n<p>c)\u00a0\u00a0\u00a0\u00a0 Prop\u00f3sitos de conversi\u00f3n.<\/p>\n<p>d)\u00a0\u00a0\u00a0 Perfiles ICC e Internet.<\/p>\n<p>e)\u00a0\u00a0\u00a0\u00a0 Gesti\u00f3n de color en ACR, Lightroom y Capture One<\/p>\n<ol start=\"5\">\n<li>PERFILAR LA C\u00c1MARA DIGITAL.<\/li>\n<\/ol>\n<p>a)\u00a0\u00a0\u00a0\u00a0 Perfilar desde RAW.<\/p>\n<p>b)\u00a0\u00a0\u00a0 Cartas de color IT8 y Colorchecker.<\/p>\n<p>c)\u00a0\u00a0\u00a0\u00a0 Calibrar con Adobe Camera RAW.<\/p>\n<p>d)\u00a0\u00a0\u00a0 Ejercicio: perfilar la c\u00e1mara digital.<\/p>\n<ol start=\"6\">\n<li>GESTI\u00d3N DE COLOR EN LA IMPRESI\u00d3N<\/li>\n<\/ol>\n<p>a)\u00a0\u00a0\u00a0\u00a0 Perfiles gen\u00e9ricos y personalizados.<\/p>\n<p>b)\u00a0\u00a0\u00a0 C\u00f3mo calibrar una impresora.<\/p>\n<p>c)\u00a0\u00a0\u00a0\u00a0 Previsualizaci\u00f3n de la impresi\u00f3n (softproof).<\/p>\n<p>d)\u00a0\u00a0\u00a0 La conversi\u00f3n final. Flujo de trabajo.<\/p><\/div>\n<p>\u00bfTe vienes? <a href=\"http:\/\/barcelonaworkshops.net\/contacto\/\" target=\"_blank\">Contacta con nosotros<\/a>.<\/p>\n","protected":false},"excerpt":{"rendered":"<p>&nbsp; Esta claro que la gesti\u00f3n de color cada vez genera m\u00e1s inter\u00e9s. Es normal: todos los fot\u00f3grafos buscan minimizar\u00a0problemas\u00a0y al mismo tiempo tener la tranquilidad de saber cu\u00e1l ser\u00e1 el resultado al imprimir o ver en pantalla. Y, si es posible, reducir los costes durante sus trabajos. Pues\u00a0justamente todo eso se puede conseguir aplicando [&hellip;]<\/p>\n","protected":false},"author":1,"featured_media":4398,"comment_status":"open","ping_status":"closed","sticky":false,"template":"","format":"standard","meta":{"footnotes":""},"categories":[63],"tags":[182,23,11],"class_list":["post-4393","post","type-post","status-publish","format-standard","has-post-thumbnail","hentry","category-cursos","tag-bcn-workshops","tag-calibracion","tag-gestion-color"],"_links":{"self":[{"href":"https:\/\/www.hugorodriguez.com\/blog\/wp-json\/wp\/v2\/posts\/4393","targetHints":{"allow":["GET"]}}],"collection":[{"href":"https:\/\/www.hugorodriguez.com\/blog\/wp-json\/wp\/v2\/posts"}],"about":[{"href":"https:\/\/www.hugorodriguez.com\/blog\/wp-json\/wp\/v2\/types\/post"}],"author":[{"embeddable":true,"href":"https:\/\/www.hugorodriguez.com\/blog\/wp-json\/wp\/v2\/users\/1"}],"replies":[{"embeddable":true,"href":"https:\/\/www.hugorodriguez.com\/blog\/wp-json\/wp\/v2\/comments?post=4393"}],"version-history":[{"count":5,"href":"https:\/\/www.hugorodriguez.com\/blog\/wp-json\/wp\/v2\/posts\/4393\/revisions"}],"predecessor-version":[{"id":7836,"href":"https:\/\/www.hugorodriguez.com\/blog\/wp-json\/wp\/v2\/posts\/4393\/revisions\/7836"}],"wp:featuredmedia":[{"embeddable":true,"href":"https:\/\/www.hugorodriguez.com\/blog\/wp-json\/wp\/v2\/media\/4398"}],"wp:attachment":[{"href":"https:\/\/www.hugorodriguez.com\/blog\/wp-json\/wp\/v2\/media?parent=4393"}],"wp:term":[{"taxonomy":"category","embeddable":true,"href":"https:\/\/www.hugorodriguez.com\/blog\/wp-json\/wp\/v2\/categories?post=4393"},{"taxonomy":"post_tag","embeddable":true,"href":"https:\/\/www.hugorodriguez.com\/blog\/wp-json\/wp\/v2\/tags?post=4393"}],"curies":[{"name":"wp","href":"https:\/\/api.w.org\/{rel}","templated":true}]}}