{"id":385,"date":"2014-07-07T11:56:52","date_gmt":"2014-07-07T10:56:52","guid":{"rendered":"http:\/\/www.hugorodriguez.com\/blog\/?p=385"},"modified":"2018-09-25T22:00:43","modified_gmt":"2018-09-25T20:00:43","slug":"me-entrevistan-en-la-revista-del-circulo-fotografico-de-aragon-imaginatetu","status":"publish","type":"post","link":"https:\/\/www.hugorodriguez.com\/blog\/2014\/07\/me-entrevistan-en-la-revista-del-circulo-fotografico-de-aragon-imaginatetu\/","title":{"rendered":"Me entrevistan en la revista del Circulo fotogr\u00e1fico de Aragon, ImaginateT\u00fa"},"content":{"rendered":"<p><a href=\"http:\/\/www.hugorodriguez.com\/blog\/wp-content\/uploads\/2014\/09\/Revista-ImaginateTu.png\"><img loading=\"lazy\" decoding=\"async\" class=\"aligncenter size-medium wp-image-386\" src=\"http:\/\/www.hugorodriguez.com\/blog\/wp-content\/uploads\/2014\/09\/Revista-ImaginateTu-387x500.png\" alt=\"Revista ImaginateTu\" width=\"387\" height=\"500\" srcset=\"https:\/\/www.hugorodriguez.com\/blog\/wp-content\/uploads\/2014\/09\/Revista-ImaginateTu-387x500.png 387w, https:\/\/www.hugorodriguez.com\/blog\/wp-content\/uploads\/2014\/09\/Revista-ImaginateTu-450x580.png 450w, https:\/\/www.hugorodriguez.com\/blog\/wp-content\/uploads\/2014\/09\/Revista-ImaginateTu-547x705.png 547w, https:\/\/www.hugorodriguez.com\/blog\/wp-content\/uploads\/2014\/09\/Revista-ImaginateTu.png 561w\" sizes=\"auto, (max-width: 387px) 100vw, 387px\" \/><\/a><\/p>\n<p>Acaba de salir publicado<a href=\"http:\/\/www.circulofotograficodearagon.org\/revista\/imaginate-tu-05\/imaginatetu_05.html\" target=\"_blank\"> el \u00faltimo numero de la revista del Circulo fotogr\u00e1fico<\/a> de Aragon, ImaginateT\u00fa, donde he tenido el honor de haber sido entrevistado. La entrevista corri\u00f3 cargo de <a href=\"http:\/\/www.manuelarribas.es\/\" target=\"_blank\">Manuel Arribas<\/a>. Espero que os guste.<br \/>\nCasualmente coincido all\u00ed con un amigo, Albert Mas\u00f3, a quien publican un portfolio en las p\u00e1ginas siguientes.<\/p>\n","protected":false},"excerpt":{"rendered":"<p>Acaba de salir publicado el \u00faltimo numero de la revista del Circulo fotogr\u00e1fico de Aragon, ImaginateT\u00fa, donde he tenido el honor de haber sido entrevistado. La entrevista corri\u00f3 cargo de Manuel Arribas. Espero que os guste. Casualmente coincido all\u00ed con un amigo, Albert Mas\u00f3, a quien publican un portfolio en las p\u00e1ginas siguientes.<\/p>\n","protected":false},"author":1,"featured_media":386,"comment_status":"open","ping_status":"closed","sticky":false,"template":"","format":"standard","meta":{"footnotes":""},"categories":[1],"tags":[79,4,80],"class_list":["post-385","post","type-post","status-publish","format-standard","has-post-thumbnail","hentry","category-tecnica","tag-articulos","tag-entrevista","tag-revista"],"_links":{"self":[{"href":"https:\/\/www.hugorodriguez.com\/blog\/wp-json\/wp\/v2\/posts\/385","targetHints":{"allow":["GET"]}}],"collection":[{"href":"https:\/\/www.hugorodriguez.com\/blog\/wp-json\/wp\/v2\/posts"}],"about":[{"href":"https:\/\/www.hugorodriguez.com\/blog\/wp-json\/wp\/v2\/types\/post"}],"author":[{"embeddable":true,"href":"https:\/\/www.hugorodriguez.com\/blog\/wp-json\/wp\/v2\/users\/1"}],"replies":[{"embeddable":true,"href":"https:\/\/www.hugorodriguez.com\/blog\/wp-json\/wp\/v2\/comments?post=385"}],"version-history":[{"count":5,"href":"https:\/\/www.hugorodriguez.com\/blog\/wp-json\/wp\/v2\/posts\/385\/revisions"}],"predecessor-version":[{"id":6843,"href":"https:\/\/www.hugorodriguez.com\/blog\/wp-json\/wp\/v2\/posts\/385\/revisions\/6843"}],"wp:featuredmedia":[{"embeddable":true,"href":"https:\/\/www.hugorodriguez.com\/blog\/wp-json\/wp\/v2\/media\/386"}],"wp:attachment":[{"href":"https:\/\/www.hugorodriguez.com\/blog\/wp-json\/wp\/v2\/media?parent=385"}],"wp:term":[{"taxonomy":"category","embeddable":true,"href":"https:\/\/www.hugorodriguez.com\/blog\/wp-json\/wp\/v2\/categories?post=385"},{"taxonomy":"post_tag","embeddable":true,"href":"https:\/\/www.hugorodriguez.com\/blog\/wp-json\/wp\/v2\/tags?post=385"}],"curies":[{"name":"wp","href":"https:\/\/api.w.org\/{rel}","templated":true}]}}