{"id":3799,"date":"2016-11-15T12:58:24","date_gmt":"2016-11-15T11:58:24","guid":{"rendered":"http:\/\/www.hugorodriguez.com\/blog\/?p=3799"},"modified":"2016-11-15T12:58:24","modified_gmt":"2016-11-15T11:58:24","slug":"curso-intensivo-de-gestion-del-color-en-nikon-school-bcn","status":"publish","type":"post","link":"https:\/\/www.hugorodriguez.com\/blog\/2016\/11\/curso-intensivo-de-gestion-del-color-en-nikon-school-bcn\/","title":{"rendered":"Curso intensivo de gestion del color, en Nikon School BCN"},"content":{"rendered":"<p>El pr\u00f3ximo jueves y viernes\u00a017-18 de noviembre\u00a0estar\u00e9 en la Nikon School de Barcelona impartiendo un curso de<\/p>\n<h3 style=\"text-align: center;\">Introducci\u00f3n a la gesti\u00f3n del color<\/h3>\n<p><a href=\"http:\/\/www.nikonistas.com\/digital\/events\/003\/introduccion-a-la-gestion-de-color-barcelona-2144.php\" target=\"_blank\"><img loading=\"lazy\" decoding=\"async\" class=\"aligncenter wp-image-2370 size-full\" src=\"http:\/\/www.hugorodriguez.com\/blog\/wp-content\/uploads\/2015\/04\/Montevideo-077.jpg\" alt=\"Palacio Estevez\" width=\"800\" height=\"531\" srcset=\"https:\/\/www.hugorodriguez.com\/blog\/wp-content\/uploads\/2015\/04\/Montevideo-077.jpg 800w, https:\/\/www.hugorodriguez.com\/blog\/wp-content\/uploads\/2015\/04\/Montevideo-077-450x299.jpg 450w, https:\/\/www.hugorodriguez.com\/blog\/wp-content\/uploads\/2015\/04\/Montevideo-077-500x331.jpg 500w, https:\/\/www.hugorodriguez.com\/blog\/wp-content\/uploads\/2015\/04\/Montevideo-077-705x467.jpg 705w\" sizes=\"auto, (max-width: 800px) 100vw, 800px\" \/><\/a><\/p>\n<p>En este curso de dos sesiones de tres horas explicar\u00e9 en qu\u00e9 consiste la gesti\u00f3n de color, c\u00f3mo se calibra una pantalla y cu\u00e1les son las principales directrices que un fot\u00f3grafo debe seguir de cara a utilizarla correctamente en su flujo de trabajo: en c\u00e1mara, en el revelado de RAW, al ver fotograf\u00edas, al subirlas a Internet, al imprimirlas\u2026<\/p>\n<p>Si eso de los perfiles de color s\u00f3lo te ha supuesto problemas y experiencias negativas, no deber\u00edas de perderte este curso. En \u00e9l tratar\u00e9 de aclarar todos estos conceptos para que tengas claro qu\u00e9 es exactamente lo que hay que hacer en cada paso del flujo de trabajo, y tambi\u00e9n, qu\u00e9 es lo que hay que evitar. Con ello sabr\u00e1s perfectamente manejarte por este complejo mundo del color, y tendr\u00e1s la tranquilidad de que sabr\u00e1s que est\u00e1s haciendo lo correcto.<\/p>\n<p>Las plazas son limitadas. Si te interesa, no lo dejes para el \u00faltimo momento\u2026 ap\u00fantate!<\/p>\n","protected":false},"excerpt":{"rendered":"<p>El pr\u00f3ximo jueves y viernes\u00a017-18 de noviembre\u00a0estar\u00e9 en la Nikon School de Barcelona impartiendo un curso de Introducci\u00f3n a la gesti\u00f3n del color En este curso de dos sesiones de tres horas explicar\u00e9 en qu\u00e9 consiste la gesti\u00f3n de color, c\u00f3mo se calibra una pantalla y cu\u00e1les son las principales directrices que un fot\u00f3grafo debe [&hellip;]<\/p>\n","protected":false},"author":1,"featured_media":2370,"comment_status":"open","ping_status":"closed","sticky":false,"template":"","format":"standard","meta":{"footnotes":""},"categories":[63],"tags":[23,11,6],"class_list":["post-3799","post","type-post","status-publish","format-standard","has-post-thumbnail","hentry","category-cursos","tag-calibracion","tag-gestion-color","tag-nikon"],"_links":{"self":[{"href":"https:\/\/www.hugorodriguez.com\/blog\/wp-json\/wp\/v2\/posts\/3799","targetHints":{"allow":["GET"]}}],"collection":[{"href":"https:\/\/www.hugorodriguez.com\/blog\/wp-json\/wp\/v2\/posts"}],"about":[{"href":"https:\/\/www.hugorodriguez.com\/blog\/wp-json\/wp\/v2\/types\/post"}],"author":[{"embeddable":true,"href":"https:\/\/www.hugorodriguez.com\/blog\/wp-json\/wp\/v2\/users\/1"}],"replies":[{"embeddable":true,"href":"https:\/\/www.hugorodriguez.com\/blog\/wp-json\/wp\/v2\/comments?post=3799"}],"version-history":[{"count":1,"href":"https:\/\/www.hugorodriguez.com\/blog\/wp-json\/wp\/v2\/posts\/3799\/revisions"}],"predecessor-version":[{"id":3800,"href":"https:\/\/www.hugorodriguez.com\/blog\/wp-json\/wp\/v2\/posts\/3799\/revisions\/3800"}],"wp:featuredmedia":[{"embeddable":true,"href":"https:\/\/www.hugorodriguez.com\/blog\/wp-json\/wp\/v2\/media\/2370"}],"wp:attachment":[{"href":"https:\/\/www.hugorodriguez.com\/blog\/wp-json\/wp\/v2\/media?parent=3799"}],"wp:term":[{"taxonomy":"category","embeddable":true,"href":"https:\/\/www.hugorodriguez.com\/blog\/wp-json\/wp\/v2\/categories?post=3799"},{"taxonomy":"post_tag","embeddable":true,"href":"https:\/\/www.hugorodriguez.com\/blog\/wp-json\/wp\/v2\/tags?post=3799"}],"curies":[{"name":"wp","href":"https:\/\/api.w.org\/{rel}","templated":true}]}}