{"id":3644,"date":"2016-10-18T11:16:19","date_gmt":"2016-10-18T10:16:19","guid":{"rendered":"http:\/\/www.hugorodriguez.com\/blog\/?p=3644"},"modified":"2017-03-17T19:52:00","modified_gmt":"2017-03-17T18:52:00","slug":"previsualizar-la-verdadera-mirada-del-fotografo","status":"publish","type":"post","link":"https:\/\/www.hugorodriguez.com\/blog\/2016\/10\/previsualizar-la-verdadera-mirada-del-fotografo\/","title":{"rendered":"Previsualizar: la verdadera mirada del fot\u00f3grafo"},"content":{"rendered":"<p>La previsualizaci\u00f3n es una de las claves del \u00e9xito del buen fot\u00f3grafo paisajista. Y es que en ocasiones uno se encuentra ante s\u00ed una escena \u00fanica pero enormemente atenuada por unas condiciones lum\u00ednicas y un contraste que dificultan bastante su apreciaci\u00f3n. Para un ojo no suficientemente preparado esta escena podr\u00eda pasar como una foto simplemente \u201cbuena\u201d o, en el peor de los casos, desapercibida. Y aqu\u00ed es donde entra en juego la previsualizaci\u00f3n. Si est\u00e1 suficientemente bien entrenada y desarrollada, un fot\u00f3grafo podr\u00e1 darse cuenta de que la escena promete por la ubicaci\u00f3n de los elementos de inter\u00e9s, pero las condiciones lum\u00ednicas encubren todo su potencial.<\/p>\n<p>En estos casos es imperativo hacer una buena captura con una exposici\u00f3n orientada a preservar las altas luces y, si fuera necesario, otra para las sombras (en este caso no me hizo falta, pues el contraste era alto, pero no extremo). A nivel tonal la foto tiene dos zonas claramente separadas: una en las luces y otra en las sombras con escasez de medios.<\/p>\n<p>\u00c9ste es el aspecto del RAW una vez abierto en CaptureOne:<\/p>\n<p style=\"text-align: center;\"><a href=\"http:\/\/www.hugorodriguez.com\/blog\/wp-content\/uploads\/2016\/10\/Fin-de-semana-Berga-171-en-CaptureOne-2.jpg\"><img loading=\"lazy\" decoding=\"async\" class=\"alignnone wp-image-3652 size-large\" src=\"http:\/\/www.hugorodriguez.com\/blog\/wp-content\/uploads\/2016\/10\/Fin-de-semana-Berga-171-en-CaptureOne-2-800x471.jpg\" alt=\"fin-de-semana-berga-171-en-captureone-2\" width=\"800\" height=\"471\" srcset=\"https:\/\/www.hugorodriguez.com\/blog\/wp-content\/uploads\/2016\/10\/Fin-de-semana-Berga-171-en-CaptureOne-2-800x471.jpg 800w, https:\/\/www.hugorodriguez.com\/blog\/wp-content\/uploads\/2016\/10\/Fin-de-semana-Berga-171-en-CaptureOne-2-450x265.jpg 450w, https:\/\/www.hugorodriguez.com\/blog\/wp-content\/uploads\/2016\/10\/Fin-de-semana-Berga-171-en-CaptureOne-2-250x147.jpg 250w, https:\/\/www.hugorodriguez.com\/blog\/wp-content\/uploads\/2016\/10\/Fin-de-semana-Berga-171-en-CaptureOne-2-500x294.jpg 500w, https:\/\/www.hugorodriguez.com\/blog\/wp-content\/uploads\/2016\/10\/Fin-de-semana-Berga-171-en-CaptureOne-2-705x415.jpg 705w, https:\/\/www.hugorodriguez.com\/blog\/wp-content\/uploads\/2016\/10\/Fin-de-semana-Berga-171-en-CaptureOne-2.jpg 1277w\" sizes=\"auto, (max-width: 800px) 100vw, 800px\" \/><\/a><\/p>\n<p>En este caso lo que hac\u00eda falta era expandir el contraste de ambas zonas para poblar la gama tonal con algunos medios, acercando los tonos de ambos extremos entre s\u00ed. Quedaba claro que iba a hacer falta algo de post proceso. Inicialmente iba a llevar a cabo todo el proceso directamente en CaptureOne Pro, pero decid\u00ed probar con <a href=\"http:\/\/www.sns-hdr.com\/\" target=\"_blank\">SNS-HDR 2<\/a>, la nueva versi\u00f3n del potente programa orientado a mapear HDRs, que tiene unas herramientas excepcionalmente potentes y que producen resultados muy naturales.<\/p>\n<p>Lo primero que hice fue recuperar el detalle en las altas luces sobre la nieve, que hab\u00eda expuesto cuidadosamente en la toma, y la revel\u00e9. Seguidamente trat\u00e9 de corregir la foto con las herramientas habituales, pero resultaba muy dif\u00edcil modificar el tono del cielo sin afectar a las paredes blancas de las casas, as\u00ed que decid\u00ed usar las capas. Luego cre\u00e9 una capa para el cielo (me llevo aproximadamente un minuto) gracias al pincel con detecci\u00f3n de bordes inteligente que tan bien funciona en este programa. Separ\u00f3 a la perfecci\u00f3n el cielo de los \u00e1rboles. Utilizando las diferentes herramientas tonales consegu\u00ed el aspecto que buscaba sobre el cielo:<\/p>\n<p><a href=\"http:\/\/www.hugorodriguez.com\/blog\/wp-content\/uploads\/2016\/10\/Fin-de-semana-Berga-171-Cielo.jpg\"><img loading=\"lazy\" decoding=\"async\" class=\"aligncenter size-medium wp-image-3646\" src=\"http:\/\/www.hugorodriguez.com\/blog\/wp-content\/uploads\/2016\/10\/Fin-de-semana-Berga-171-Cielo-500x335.jpg\" alt=\"fin-de-semana-berga-171-cielo\" width=\"500\" height=\"335\" srcset=\"https:\/\/www.hugorodriguez.com\/blog\/wp-content\/uploads\/2016\/10\/Fin-de-semana-Berga-171-Cielo-500x335.jpg 500w, https:\/\/www.hugorodriguez.com\/blog\/wp-content\/uploads\/2016\/10\/Fin-de-semana-Berga-171-Cielo-450x302.jpg 450w, https:\/\/www.hugorodriguez.com\/blog\/wp-content\/uploads\/2016\/10\/Fin-de-semana-Berga-171-Cielo-250x167.jpg 250w, https:\/\/www.hugorodriguez.com\/blog\/wp-content\/uploads\/2016\/10\/Fin-de-semana-Berga-171-Cielo-705x472.jpg 705w, https:\/\/www.hugorodriguez.com\/blog\/wp-content\/uploads\/2016\/10\/Fin-de-semana-Berga-171-Cielo.jpg 800w\" sizes=\"auto, (max-width: 500px) 100vw, 500px\" \/><\/a><\/p>\n<p>Seguidamente cree un duplicado de la capa con la m\u00e1scara invertida y pude actuar sobre la monta\u00f1a y el peque\u00f1o pueblo, para eliminar una peque\u00f1a dominante azul y aumentar su contraste consiguiendo un mayor dramatismo:<\/p>\n<p><a href=\"http:\/\/www.hugorodriguez.com\/blog\/wp-content\/uploads\/2016\/10\/Fin-de-semana-Berga-171-Montana.jpg\"><img loading=\"lazy\" decoding=\"async\" class=\"aligncenter size-medium wp-image-4977\" src=\"http:\/\/www.hugorodriguez.com\/blog\/wp-content\/uploads\/2016\/10\/Fin-de-semana-Berga-171-Montana-500x335.jpg\" alt=\"Fin de semana Berga 171 Montana\" width=\"500\" height=\"335\" srcset=\"https:\/\/www.hugorodriguez.com\/blog\/wp-content\/uploads\/2016\/10\/Fin-de-semana-Berga-171-Montana-500x335.jpg 500w, https:\/\/www.hugorodriguez.com\/blog\/wp-content\/uploads\/2016\/10\/Fin-de-semana-Berga-171-Montana-450x302.jpg 450w, https:\/\/www.hugorodriguez.com\/blog\/wp-content\/uploads\/2016\/10\/Fin-de-semana-Berga-171-Montana-250x167.jpg 250w, https:\/\/www.hugorodriguez.com\/blog\/wp-content\/uploads\/2016\/10\/Fin-de-semana-Berga-171-Montana-705x472.jpg 705w, https:\/\/www.hugorodriguez.com\/blog\/wp-content\/uploads\/2016\/10\/Fin-de-semana-Berga-171-Montana.jpg 800w\" sizes=\"auto, (max-width: 500px) 100vw, 500px\" \/><\/a><\/p>\n<p>&nbsp;<\/p>\n<p>Ya casi la ten\u00eda lista. S\u00f3lo faltaba a\u00f1adir un poco de vi\u00f1eteo para ayudar a la vista a concentrarse m\u00e1s en la zona central de la imagen y evitar que se disperse por las esquinas. La nueva versi\u00f3n del programa ya no incorpora vi\u00f1eteo, con lo que tuve que hacerlo externamente, pero me di cuenta de que no daba buen resultado puesto que afectaba a las esquinas del cielo. As\u00ed pues, opte por crear una capa nueva y oscurecer manualmente las esquinas de la mitad inferior de la imagen, y un poquito la nube de la esquina superior derecha:<\/p>\n<p><a href=\"http:\/\/www.hugorodriguez.com\/blog\/wp-content\/uploads\/2016\/10\/Fin-de-semana-Berga-171-SNS-vineteo.jpg\"><img loading=\"lazy\" decoding=\"async\" class=\"aligncenter size-medium wp-image-3649\" src=\"http:\/\/www.hugorodriguez.com\/blog\/wp-content\/uploads\/2016\/10\/Fin-de-semana-Berga-171-SNS-vineteo-500x335.jpg\" alt=\"fin-de-semana-berga-171-sns-vineteo\" width=\"500\" height=\"335\" srcset=\"https:\/\/www.hugorodriguez.com\/blog\/wp-content\/uploads\/2016\/10\/Fin-de-semana-Berga-171-SNS-vineteo-500x335.jpg 500w, https:\/\/www.hugorodriguez.com\/blog\/wp-content\/uploads\/2016\/10\/Fin-de-semana-Berga-171-SNS-vineteo-450x302.jpg 450w, https:\/\/www.hugorodriguez.com\/blog\/wp-content\/uploads\/2016\/10\/Fin-de-semana-Berga-171-SNS-vineteo-250x167.jpg 250w, https:\/\/www.hugorodriguez.com\/blog\/wp-content\/uploads\/2016\/10\/Fin-de-semana-Berga-171-SNS-vineteo-705x472.jpg 705w, https:\/\/www.hugorodriguez.com\/blog\/wp-content\/uploads\/2016\/10\/Fin-de-semana-Berga-171-SNS-vineteo.jpg 800w\" sizes=\"auto, (max-width: 500px) 100vw, 500px\" \/><\/a><\/p>\n<p>Ya con la foto casi terminada me di cuenta que el pueblo quedaba un poco apagado, as\u00ed que decid\u00ed aclararlo un poco para evitar que quedase tan \u201cen sombra\u201d, y lo hice con una capa adicional, que me llevo 1-2 minutos y&#8230; \u00a1listo!<\/p>\n<p><a href=\"http:\/\/www.hugorodriguez.com\/blog\/wp-content\/uploads\/2016\/10\/Editando-Pueblecito-Berga-171-en-SNS-Pro2.png\"><img loading=\"lazy\" decoding=\"async\" class=\"aligncenter size-full wp-image-3660\" src=\"http:\/\/www.hugorodriguez.com\/blog\/wp-content\/uploads\/2016\/10\/Editando-Pueblecito-Berga-171-en-SNS-Pro2.png\" alt=\"editando-pueblecito-berga-171-en-sns-pro2\" width=\"800\" height=\"543\" srcset=\"https:\/\/www.hugorodriguez.com\/blog\/wp-content\/uploads\/2016\/10\/Editando-Pueblecito-Berga-171-en-SNS-Pro2.png 800w, https:\/\/www.hugorodriguez.com\/blog\/wp-content\/uploads\/2016\/10\/Editando-Pueblecito-Berga-171-en-SNS-Pro2-450x305.png 450w, https:\/\/www.hugorodriguez.com\/blog\/wp-content\/uploads\/2016\/10\/Editando-Pueblecito-Berga-171-en-SNS-Pro2-250x169.png 250w, https:\/\/www.hugorodriguez.com\/blog\/wp-content\/uploads\/2016\/10\/Editando-Pueblecito-Berga-171-en-SNS-Pro2-500x339.png 500w, https:\/\/www.hugorodriguez.com\/blog\/wp-content\/uploads\/2016\/10\/Editando-Pueblecito-Berga-171-en-SNS-Pro2-705x478.png 705w\" sizes=\"auto, (max-width: 800px) 100vw, 800px\" \/><\/a><\/p>\n<p>Aqui puedes ver la diferencia:<\/p>\n<p>[baslider name=\u00bbBenQpueblecitoBerga\u00bb]<\/p>\n<p>Ni que decir tiene que en mi BenQ PG2401PT se ve de maravilla y gracias a la\u00a0gama de color Adobe 1998 de su panel H-IPS se aprecian hasta los colores m\u00e1s saturados, como esa nieve te\u00f1ida con los \u00faltimos rayos de luz del dia.<\/p>\n<p><a href=\"http:\/\/www.hugorodriguez.com\/blog\/wp-content\/uploads\/2016\/10\/Fin-de-semana-Berga-171-SNS-Marco.jpg\"><img loading=\"lazy\" decoding=\"async\" class=\"aligncenter wp-image-3648\" src=\"http:\/\/www.hugorodriguez.com\/blog\/wp-content\/uploads\/2016\/10\/Fin-de-semana-Berga-171-SNS-Marco.jpg\" alt=\"fin-de-semana-berga-171-marco\" width=\"800\" height=\"604\" srcset=\"https:\/\/www.hugorodriguez.com\/blog\/wp-content\/uploads\/2016\/10\/Fin-de-semana-Berga-171-SNS-Marco.jpg 900w, https:\/\/www.hugorodriguez.com\/blog\/wp-content\/uploads\/2016\/10\/Fin-de-semana-Berga-171-SNS-Marco-450x340.jpg 450w, https:\/\/www.hugorodriguez.com\/blog\/wp-content\/uploads\/2016\/10\/Fin-de-semana-Berga-171-SNS-Marco-250x188.jpg 250w, https:\/\/www.hugorodriguez.com\/blog\/wp-content\/uploads\/2016\/10\/Fin-de-semana-Berga-171-SNS-Marco-500x377.jpg 500w, https:\/\/www.hugorodriguez.com\/blog\/wp-content\/uploads\/2016\/10\/Fin-de-semana-Berga-171-SNS-Marco-800x604.jpg 800w, https:\/\/www.hugorodriguez.com\/blog\/wp-content\/uploads\/2016\/10\/Fin-de-semana-Berga-171-SNS-Marco-705x532.jpg 705w\" sizes=\"auto, (max-width: 800px) 100vw, 800px\" \/><\/a><\/p>\n<p>&nbsp;<\/p>\n<p>Este post est\u00e1 patrocinado por\u00a0<a href=\"http:\/\/www.benq.com\/product\/monitor\/color-management\" target=\"_blank\">BenQ Professional Monitors for Color Management<\/a>\u00a0y tambi\u00e9n aparece en\u00a0<a href=\"https:\/\/www.facebook.com\/Photogenic-by-BenQ-1048121168563916\" target=\"_blank\">Photogenic by BenQ<\/a>. Hugo Rodr\u00edguez es un\u00a0<a href=\"http:\/\/www.benq.com\/solution\/monitor\/experts\/\" target=\"_blank\">BenQ Monitor Expert &amp; Ambassador<\/a>.<\/p>\n","protected":false},"excerpt":{"rendered":"<p>La previsualizaci\u00f3n es una de las claves del \u00e9xito del buen fot\u00f3grafo paisajista. Y es que en ocasiones uno se encuentra ante s\u00ed una escena \u00fanica pero enormemente atenuada por unas condiciones lum\u00ednicas y un contraste que dificultan bastante su apreciaci\u00f3n. Para un ojo no suficientemente preparado esta escena podr\u00eda pasar como una foto simplemente [&hellip;]<\/p>\n","protected":false},"author":1,"featured_media":3648,"comment_status":"open","ping_status":"closed","sticky":false,"template":"","format":"standard","meta":{"footnotes":""},"categories":[120,1],"tags":[150,92,108],"class_list":["post-3644","post","type-post","status-publish","format-standard","has-post-thumbnail","hentry","category-fotos","category-tecnica","tag-benq","tag-captureone","tag-paisaje"],"_links":{"self":[{"href":"https:\/\/www.hugorodriguez.com\/blog\/wp-json\/wp\/v2\/posts\/3644","targetHints":{"allow":["GET"]}}],"collection":[{"href":"https:\/\/www.hugorodriguez.com\/blog\/wp-json\/wp\/v2\/posts"}],"about":[{"href":"https:\/\/www.hugorodriguez.com\/blog\/wp-json\/wp\/v2\/types\/post"}],"author":[{"embeddable":true,"href":"https:\/\/www.hugorodriguez.com\/blog\/wp-json\/wp\/v2\/users\/1"}],"replies":[{"embeddable":true,"href":"https:\/\/www.hugorodriguez.com\/blog\/wp-json\/wp\/v2\/comments?post=3644"}],"version-history":[{"count":5,"href":"https:\/\/www.hugorodriguez.com\/blog\/wp-json\/wp\/v2\/posts\/3644\/revisions"}],"predecessor-version":[{"id":4978,"href":"https:\/\/www.hugorodriguez.com\/blog\/wp-json\/wp\/v2\/posts\/3644\/revisions\/4978"}],"wp:featuredmedia":[{"embeddable":true,"href":"https:\/\/www.hugorodriguez.com\/blog\/wp-json\/wp\/v2\/media\/3648"}],"wp:attachment":[{"href":"https:\/\/www.hugorodriguez.com\/blog\/wp-json\/wp\/v2\/media?parent=3644"}],"wp:term":[{"taxonomy":"category","embeddable":true,"href":"https:\/\/www.hugorodriguez.com\/blog\/wp-json\/wp\/v2\/categories?post=3644"},{"taxonomy":"post_tag","embeddable":true,"href":"https:\/\/www.hugorodriguez.com\/blog\/wp-json\/wp\/v2\/tags?post=3644"}],"curies":[{"name":"wp","href":"https:\/\/api.w.org\/{rel}","templated":true}]}}