{"id":3506,"date":"2016-09-02T13:08:07","date_gmt":"2016-09-02T12:08:07","guid":{"rendered":"http:\/\/www.hugorodriguez.com\/blog\/?p=3506"},"modified":"2016-09-02T13:18:30","modified_gmt":"2016-09-02T12:18:30","slug":"golden-castle-benq-backstories","status":"publish","type":"post","link":"https:\/\/www.hugorodriguez.com\/blog\/2016\/09\/golden-castle-benq-backstories\/","title":{"rendered":"Golden Castle, BenQ backstories"},"content":{"rendered":"<p>Durante un viaje a la zona de Berga en el pirineo Catal\u00e1n, mientras viajaba en coche con mi mujer, iba apreciando como algunas monta\u00f1as ten\u00edan un aspecto precioso durante la puesta de sol. Iba dici\u00e9ndole a mi mujer (que tambi\u00e9n es fot\u00f3grafa) que me parar\u00eda a hacer alguna foto porque estaba precioso. Entonces vi que un poco m\u00e1s lejos hab\u00eda un peque\u00f1o castillo al que le llegaban los \u00faltimos rayos de sol y en cuesti\u00f3n de segundos pasar\u00eda a estar en la aburrida sombra. Entonces saque corriendo mi c\u00e1mara (tranquilos, iba de copiloto) y le ped\u00ed parar el coche pero&#8230; sencillamente era imposible en aquella zona de monta\u00f1a. No hab\u00eda arc\u00e9n y hab\u00eda poca visibilidad. As\u00ed que me prepar\u00e9 para tomar la foto al vuelo, directamente desde la ventana. A medida que me aproximaba ajust\u00e9 la exposici\u00f3n y el foco y dej\u00e9 todo preparado para cuando pasara por la curva m\u00e1s cercana.<br \/>\nCruc\u00e9 los dedos, tom\u00e9 aire y dispare procurando hacerlo con sangre fr\u00eda. Este fue el resultado, una vez abierto el RAW en CaptureOne Pro 9:<\/p>\n<p><a href=\"http:\/\/www.hugorodriguez.com\/blog\/wp-content\/uploads\/2016\/09\/Castillo-Berga-01_resize.jpg\"><img loading=\"lazy\" decoding=\"async\" class=\"aligncenter size-full wp-image-3507\" src=\"http:\/\/www.hugorodriguez.com\/blog\/wp-content\/uploads\/2016\/09\/Castillo-Berga-01_resize.jpg\" alt=\"Castillo Berga 01_resize\" width=\"800\" height=\"467\" srcset=\"https:\/\/www.hugorodriguez.com\/blog\/wp-content\/uploads\/2016\/09\/Castillo-Berga-01_resize.jpg 800w, https:\/\/www.hugorodriguez.com\/blog\/wp-content\/uploads\/2016\/09\/Castillo-Berga-01_resize-450x263.jpg 450w, https:\/\/www.hugorodriguez.com\/blog\/wp-content\/uploads\/2016\/09\/Castillo-Berga-01_resize-250x145.jpg 250w, https:\/\/www.hugorodriguez.com\/blog\/wp-content\/uploads\/2016\/09\/Castillo-Berga-01_resize-500x291.jpg 500w, https:\/\/www.hugorodriguez.com\/blog\/wp-content\/uploads\/2016\/09\/Castillo-Berga-01_resize-705x411.jpg 705w\" sizes=\"auto, (max-width: 800px) 100vw, 800px\" \/><\/a><br \/>\nNo suelo retocar mis im\u00e1genes, a menos que vea que realmente les hace falta alg\u00fan ajuste para realzar la realidad que capt\u00e9 con la c\u00e1mara. Y en este caso lo necesitaba, asi que primero subexpuse un poco:<\/p>\n<p><a href=\"http:\/\/www.hugorodriguez.com\/blog\/wp-content\/uploads\/2016\/09\/Castillo-Berta-retoque-03-Perfil-camara_resize.jpg\"><img loading=\"lazy\" decoding=\"async\" class=\"aligncenter size-medium wp-image-3512\" src=\"http:\/\/www.hugorodriguez.com\/blog\/wp-content\/uploads\/2016\/09\/Castillo-Berta-retoque-02-Subexpuesta_resize-500x334.jpg\" alt=\"Castillo Berta retoque 02 Subexpuesta_resize\" width=\"500\" height=\"334\" srcset=\"https:\/\/www.hugorodriguez.com\/blog\/wp-content\/uploads\/2016\/09\/Castillo-Berta-retoque-02-Subexpuesta_resize-500x334.jpg 500w, https:\/\/www.hugorodriguez.com\/blog\/wp-content\/uploads\/2016\/09\/Castillo-Berta-retoque-02-Subexpuesta_resize-450x301.jpg 450w, https:\/\/www.hugorodriguez.com\/blog\/wp-content\/uploads\/2016\/09\/Castillo-Berta-retoque-02-Subexpuesta_resize-250x167.jpg 250w, https:\/\/www.hugorodriguez.com\/blog\/wp-content\/uploads\/2016\/09\/Castillo-Berta-retoque-02-Subexpuesta_resize-705x471.jpg 705w, https:\/\/www.hugorodriguez.com\/blog\/wp-content\/uploads\/2016\/09\/Castillo-Berta-retoque-02-Subexpuesta_resize.jpg 800w\" sizes=\"auto, (max-width: 500px) 100vw, 500px\" \/><\/a><br \/>\nSeguidamente cargu\u00e9 el perfil ICC de mi c\u00e1mara (creado a medida; puedes <a title=\"Calibraci\u00f3n de c\u00e1mara\" href=\"http:\/\/www.hugorodriguez.com\/blog\/servicios-de-gestion-de-color\/calibracion-de-camaras\/\" target=\"_blank\">crear el tuyo aqui<\/a>) para conseguir un color fiel y, de paso, m\u00e1s agradable. Resta decir que en el monitor BenQ PT2401 con gama Adobe se ve fabulosa:<\/p>\n<p><a href=\"http:\/\/www.hugorodriguez.com\/blog\/wp-content\/uploads\/2016\/09\/Castillo-Berta-retoque-03-Perfil-camara_resize.jpg\"><img loading=\"lazy\" decoding=\"async\" class=\"aligncenter size-medium wp-image-3509\" src=\"http:\/\/www.hugorodriguez.com\/blog\/wp-content\/uploads\/2016\/09\/Castillo-Berta-retoque-03-Perfil-camara_resize-500x334.jpg\" alt=\"Castillo Berta retoque 03 Perfil camara_resize\" width=\"500\" height=\"334\" srcset=\"https:\/\/www.hugorodriguez.com\/blog\/wp-content\/uploads\/2016\/09\/Castillo-Berta-retoque-03-Perfil-camara_resize-500x334.jpg 500w, https:\/\/www.hugorodriguez.com\/blog\/wp-content\/uploads\/2016\/09\/Castillo-Berta-retoque-03-Perfil-camara_resize-450x301.jpg 450w, https:\/\/www.hugorodriguez.com\/blog\/wp-content\/uploads\/2016\/09\/Castillo-Berta-retoque-03-Perfil-camara_resize-250x167.jpg 250w, https:\/\/www.hugorodriguez.com\/blog\/wp-content\/uploads\/2016\/09\/Castillo-Berta-retoque-03-Perfil-camara_resize-705x471.jpg 705w, https:\/\/www.hugorodriguez.com\/blog\/wp-content\/uploads\/2016\/09\/Castillo-Berta-retoque-03-Perfil-camara_resize.jpg 800w\" sizes=\"auto, (max-width: 500px) 100vw, 500px\" \/><\/a><br \/>\nLlegados aqu\u00ed notaba que el cielo restaba algo de inter\u00e9s al castillo, as\u00ed que opt\u00e9 por oscurecerlo como con un filtro graduado gris:<\/p>\n<p><a href=\"http:\/\/www.hugorodriguez.com\/blog\/wp-content\/uploads\/2016\/09\/Castillo-Berta-retoque-04-Crop-Cielo_resize.jpg\"><img loading=\"lazy\" decoding=\"async\" class=\"aligncenter size-medium wp-image-3510\" src=\"http:\/\/www.hugorodriguez.com\/blog\/wp-content\/uploads\/2016\/09\/Castillo-Berta-retoque-04-Crop-Cielo_resize-500x299.jpg\" alt=\"Castillo Berta retoque 04 Crop - Cielo_resize\" width=\"500\" height=\"299\" srcset=\"https:\/\/www.hugorodriguez.com\/blog\/wp-content\/uploads\/2016\/09\/Castillo-Berta-retoque-04-Crop-Cielo_resize-500x299.jpg 500w, https:\/\/www.hugorodriguez.com\/blog\/wp-content\/uploads\/2016\/09\/Castillo-Berta-retoque-04-Crop-Cielo_resize-450x269.jpg 450w, https:\/\/www.hugorodriguez.com\/blog\/wp-content\/uploads\/2016\/09\/Castillo-Berta-retoque-04-Crop-Cielo_resize-250x149.jpg 250w, https:\/\/www.hugorodriguez.com\/blog\/wp-content\/uploads\/2016\/09\/Castillo-Berta-retoque-04-Crop-Cielo_resize-705x422.jpg 705w, https:\/\/www.hugorodriguez.com\/blog\/wp-content\/uploads\/2016\/09\/Castillo-Berta-retoque-04-Crop-Cielo_resize.jpg 800w\" sizes=\"auto, (max-width: 500px) 100vw, 500px\" \/><\/a><br \/>\nTambi\u00e9n la recort\u00e9 un poco por arriba para eliminar algo de \u201caire\u201d, compositivamente hablando.<br \/>\nFinalmente decid\u00ed dar algo de contraste a los \u00e1rboles para realzarlos, ya que se ven algo empastados. Para ello, us\u00e9 las capas de CaptureOne, conjuntamente con la curva Luma, que no altera la saturaci\u00f3n:<\/p>\n<p><a href=\"http:\/\/www.hugorodriguez.com\/blog\/wp-content\/uploads\/2016\/09\/Castillo-Berga-05_resize.jpg\"><img loading=\"lazy\" decoding=\"async\" class=\"aligncenter size-full wp-image-3508\" src=\"http:\/\/www.hugorodriguez.com\/blog\/wp-content\/uploads\/2016\/09\/Castillo-Berga-05_resize.jpg\" alt=\"Castillo Berga 05_resize\" width=\"800\" height=\"425\" srcset=\"https:\/\/www.hugorodriguez.com\/blog\/wp-content\/uploads\/2016\/09\/Castillo-Berga-05_resize.jpg 800w, https:\/\/www.hugorodriguez.com\/blog\/wp-content\/uploads\/2016\/09\/Castillo-Berga-05_resize-450x239.jpg 450w, https:\/\/www.hugorodriguez.com\/blog\/wp-content\/uploads\/2016\/09\/Castillo-Berga-05_resize-250x132.jpg 250w, https:\/\/www.hugorodriguez.com\/blog\/wp-content\/uploads\/2016\/09\/Castillo-Berga-05_resize-500x265.jpg 500w, https:\/\/www.hugorodriguez.com\/blog\/wp-content\/uploads\/2016\/09\/Castillo-Berga-05_resize-705x374.jpg 705w\" sizes=\"auto, (max-width: 800px) 100vw, 800px\" \/><\/a><\/p>\n<p>Y este es el resultado:<\/p>\n<p><a href=\"http:\/\/www.hugorodriguez.com\/blog\/wp-content\/uploads\/2016\/09\/Fin-de-semana-Berga_resize_resize.jpg\"><img loading=\"lazy\" decoding=\"async\" class=\"aligncenter size-full wp-image-3511\" src=\"http:\/\/www.hugorodriguez.com\/blog\/wp-content\/uploads\/2016\/09\/Fin-de-semana-Berga_resize_resize.jpg\" alt=\"Fin de semana Berga_resize_resize\" width=\"800\" height=\"569\" srcset=\"https:\/\/www.hugorodriguez.com\/blog\/wp-content\/uploads\/2016\/09\/Fin-de-semana-Berga_resize_resize.jpg 800w, https:\/\/www.hugorodriguez.com\/blog\/wp-content\/uploads\/2016\/09\/Fin-de-semana-Berga_resize_resize-450x320.jpg 450w, https:\/\/www.hugorodriguez.com\/blog\/wp-content\/uploads\/2016\/09\/Fin-de-semana-Berga_resize_resize-250x177.jpg 250w, https:\/\/www.hugorodriguez.com\/blog\/wp-content\/uploads\/2016\/09\/Fin-de-semana-Berga_resize_resize-500x355.jpg 500w, https:\/\/www.hugorodriguez.com\/blog\/wp-content\/uploads\/2016\/09\/Fin-de-semana-Berga_resize_resize-260x185.jpg 260w, https:\/\/www.hugorodriguez.com\/blog\/wp-content\/uploads\/2016\/09\/Fin-de-semana-Berga_resize_resize-705x501.jpg 705w\" sizes=\"auto, (max-width: 800px) 100vw, 800px\" \/><\/a><\/p>\n<p>Te gustar\u00eda tener esta foto colgada en tu sal\u00f3n? Dentro de poco tendr\u00e1s la posibilidad de comprar ampliaciones de m\u00e1xima calidad&#8230; Mantente en l\u00ednea que habr\u00e1 noticias pronto.<\/p>\n<p><a href=\"http:\/\/www.hugorodriguez.com\/blog\/wp-content\/uploads\/2016\/09\/ESP-CAT-GoldenCastle-EST-en-pared.jpg\"><img loading=\"lazy\" decoding=\"async\" class=\"aligncenter size-full wp-image-3514\" src=\"http:\/\/www.hugorodriguez.com\/blog\/wp-content\/uploads\/2016\/09\/ESP-CAT-GoldenCastle-EST-en-pared.jpg\" alt=\"ESP-CAT-GoldenCastle-EST-en-pared\" width=\"800\" height=\"533\" srcset=\"https:\/\/www.hugorodriguez.com\/blog\/wp-content\/uploads\/2016\/09\/ESP-CAT-GoldenCastle-EST-en-pared.jpg 800w, https:\/\/www.hugorodriguez.com\/blog\/wp-content\/uploads\/2016\/09\/ESP-CAT-GoldenCastle-EST-en-pared-450x300.jpg 450w, https:\/\/www.hugorodriguez.com\/blog\/wp-content\/uploads\/2016\/09\/ESP-CAT-GoldenCastle-EST-en-pared-250x166.jpg 250w, https:\/\/www.hugorodriguez.com\/blog\/wp-content\/uploads\/2016\/09\/ESP-CAT-GoldenCastle-EST-en-pared-500x333.jpg 500w, https:\/\/www.hugorodriguez.com\/blog\/wp-content\/uploads\/2016\/09\/ESP-CAT-GoldenCastle-EST-en-pared-705x469.jpg 705w\" sizes=\"auto, (max-width: 800px) 100vw, 800px\" \/><\/a><\/p>\n<p>Este post est\u00e1 patrocinado por\u00a0<a href=\"http:\/\/www.benq.com\/product\/monitor\/color-management\" target=\"_blank\">BenQ Professional Monitors for Color Management<\/a>\u00a0y tambi\u00e9n aparece en\u00a0<a href=\"https:\/\/www.facebook.com\/Photogenic-by-BenQ-1048121168563916\" target=\"_blank\">Fotogenic by BenQ<\/a>. Hugo Rodr\u00edguez es un\u00a0<a href=\"http:\/\/www.benq.com\/solution\/monitor\/experts\/\" target=\"_blank\">BenQ Monitor Expert &amp; Ambassador<\/a>.<\/p>\n","protected":false},"excerpt":{"rendered":"<p>Durante un viaje a la zona de Berga en el pirineo Catal\u00e1n, mientras viajaba en coche con mi mujer, iba apreciando como algunas monta\u00f1as ten\u00edan un aspecto precioso durante la puesta de sol. Iba dici\u00e9ndole a mi mujer (que tambi\u00e9n es fot\u00f3grafa) que me parar\u00eda a hacer alguna foto porque estaba precioso. Entonces vi que [&hellip;]<\/p>\n","protected":false},"author":1,"featured_media":3511,"comment_status":"open","ping_status":"closed","sticky":false,"template":"","format":"standard","meta":{"footnotes":""},"categories":[72,120],"tags":[150,108],"class_list":["post-3506","post","type-post","status-publish","format-standard","has-post-thumbnail","hentry","category-curiosidades","category-fotos","tag-benq","tag-paisaje"],"_links":{"self":[{"href":"https:\/\/www.hugorodriguez.com\/blog\/wp-json\/wp\/v2\/posts\/3506","targetHints":{"allow":["GET"]}}],"collection":[{"href":"https:\/\/www.hugorodriguez.com\/blog\/wp-json\/wp\/v2\/posts"}],"about":[{"href":"https:\/\/www.hugorodriguez.com\/blog\/wp-json\/wp\/v2\/types\/post"}],"author":[{"embeddable":true,"href":"https:\/\/www.hugorodriguez.com\/blog\/wp-json\/wp\/v2\/users\/1"}],"replies":[{"embeddable":true,"href":"https:\/\/www.hugorodriguez.com\/blog\/wp-json\/wp\/v2\/comments?post=3506"}],"version-history":[{"count":5,"href":"https:\/\/www.hugorodriguez.com\/blog\/wp-json\/wp\/v2\/posts\/3506\/revisions"}],"predecessor-version":[{"id":3518,"href":"https:\/\/www.hugorodriguez.com\/blog\/wp-json\/wp\/v2\/posts\/3506\/revisions\/3518"}],"wp:featuredmedia":[{"embeddable":true,"href":"https:\/\/www.hugorodriguez.com\/blog\/wp-json\/wp\/v2\/media\/3511"}],"wp:attachment":[{"href":"https:\/\/www.hugorodriguez.com\/blog\/wp-json\/wp\/v2\/media?parent=3506"}],"wp:term":[{"taxonomy":"category","embeddable":true,"href":"https:\/\/www.hugorodriguez.com\/blog\/wp-json\/wp\/v2\/categories?post=3506"},{"taxonomy":"post_tag","embeddable":true,"href":"https:\/\/www.hugorodriguez.com\/blog\/wp-json\/wp\/v2\/tags?post=3506"}],"curies":[{"name":"wp","href":"https:\/\/api.w.org\/{rel}","templated":true}]}}