{"id":3225,"date":"2016-05-02T10:51:35","date_gmt":"2016-05-02T09:51:35","guid":{"rendered":"http:\/\/www.hugorodriguez.com\/blog\/?p=3225"},"modified":"2016-05-03T10:54:53","modified_gmt":"2016-05-03T09:54:53","slug":"recomendaciones-de-monitor-actualizadas-mayo-2016","status":"publish","type":"post","link":"https:\/\/www.hugorodriguez.com\/blog\/2016\/05\/recomendaciones-de-monitor-actualizadas-mayo-2016\/","title":{"rendered":"Recomendaciones de monitor actualizadas &#8211; Mayo 2016"},"content":{"rendered":"<p>Como vengo haciendo desde hace a\u00f1os, cada cierto tiempo actualizo mis recomendaciones de monitores para fotograf\u00eda. En esta ocasi\u00f3n voy a actualizar informaci\u00f3n con los \u00faltimos modelos y a a\u00f1adir un apartado nuevo: monitores para editar video. Vamos all\u00e1: <a href=\"http:\/\/www.hugorodriguez.com\/blog\/wp-content\/uploads\/2016\/05\/Monitor-DELL-UP2516d.jpg\"><img loading=\"lazy\" decoding=\"async\" class=\"aligncenter wp-image-3227 size-medium\" src=\"http:\/\/www.hugorodriguez.com\/blog\/wp-content\/uploads\/2016\/05\/Monitor-DELL-UP2516d-500x500.jpg\" alt=\"Monitor DELL UP2516d\" width=\"500\" height=\"500\" srcset=\"https:\/\/www.hugorodriguez.com\/blog\/wp-content\/uploads\/2016\/05\/Monitor-DELL-UP2516d-500x500.jpg 500w, https:\/\/www.hugorodriguez.com\/blog\/wp-content\/uploads\/2016\/05\/Monitor-DELL-UP2516d-450x450.jpg 450w, https:\/\/www.hugorodriguez.com\/blog\/wp-content\/uploads\/2016\/05\/Monitor-DELL-UP2516d-100x100.jpg 100w, https:\/\/www.hugorodriguez.com\/blog\/wp-content\/uploads\/2016\/05\/Monitor-DELL-UP2516d-250x250.jpg 250w, https:\/\/www.hugorodriguez.com\/blog\/wp-content\/uploads\/2016\/05\/Monitor-DELL-UP2516d-36x36.jpg 36w, https:\/\/www.hugorodriguez.com\/blog\/wp-content\/uploads\/2016\/05\/Monitor-DELL-UP2516d-180x180.jpg 180w, https:\/\/www.hugorodriguez.com\/blog\/wp-content\/uploads\/2016\/05\/Monitor-DELL-UP2516d.jpg 600w\" sizes=\"auto, (max-width: 500px) 100vw, 500px\" \/><\/a> DELL ha presentado a finales de 2015 los que ser\u00e1n los sucesores de los 2413, 2713H y 3014: el UP2516D, UP2716D y UP3216Q.<\/p>\n<p>El <a href=\"http:\/\/www1.euro.dell.com\/content\/products\/productdetails.aspx?c=es&amp;cs=esdhs1&amp;id=dell-up2516d-monitor&amp;l=es&amp;s=dhs\" target=\"_blank\">UP2516D<\/a>\u00a0mantiene casi todas las prestaciones de su antecesor, el U2413, pero sube a 25&#8243; y hasta 2560 x 1440 de resoluci\u00f3n, lo cual a priori pinta bien pero me huelo har\u00e1 que las aplicaciones no preparadas se vean muy peque\u00f1as. El panel es Adobe RGB, de 10 bits, viene calibrado de fabrica y seguir\u00e1 siendo calibrable por hardware. Muy interesante el detalle de que a\u00f1ade un KVM (dispositivo que permite conectar dos PCs al mismo monitor para compartirlo, usando un \u00fanico teclado).<\/p>\n<p>El <a href=\"http:\/\/www1.euro.dell.com\/content\/products\/productdetails.aspx?c=es&amp;cs=esdhs1&amp;id=dell-up2716d-monitor&amp;l=es&amp;s=dhs\" target=\"_blank\">UP2716D<\/a>\u00a0mantiene especificaciones con respecto a su antecesor (Panel de 10 bits Adobe RGB, calibrado por hardware&#8230;) y tambi\u00e9n a\u00f1ade un KVM. Curioso que mantiene su resoluci\u00f3n en 2560 x 1440 lo que le iguala con el UP2516D. Curioso \u00abchoque\u00bb de prestaciones&#8230;<\/p>\n<p>El <a href=\"http:\/\/www1.euro.dell.com\/es\/es\/domestica\/Dell-Perifricos\/dell-up3216q-monitor\/pd.aspx?refid=dell-up3216q-monitor&amp;cs=esdhs1&amp;s=dhs\" target=\"_blank\">UP3216Q<\/a> sube hasta 3840&#215;2160 de resoluci\u00f3n (UHD 4K) y tambi\u00e9n comparte un panel de 10 bits con gama Adobe RGB, calibrado en fabrica y calibrable por hardware. Est\u00e1 por ver si semejante resoluci\u00f3n se reconoce como una \u00fanica pantalla (SST) y no como suele pasar hasta ahora con dos (MST).<\/p>\n<p>Ya en la gama m\u00e1s alta, conjuntamente con los NEC, tenemos los cl\u00e1sicos EIZO ColorEdge como el CG246 que he tenido ocasi\u00f3n de <a title=\"EIZO Color Edge CG246, Review\" href=\"http:\/\/www.hugorodriguez.com\/blog\/reviews\/eizo-color-edge-cg246-review\/\">probar hace poco<\/a>. Lo m\u00e1s interesante es su calibrador incorporado, que permite que se calibre e incluso perfile \u00e9l solito con la ayuda del software ColorNavigator. El resto de prestaciones son las que se esperan de un monitor de esta categor\u00eda: panel de 10 bits con gama Adobe RGB calibrado en fabrica y calibrable por hardware con una precisi\u00f3n muy alta.<\/p>\n<p>Sorprendente que esto mismo ya lo ofrecen ahora modelos de DELL y BenQ. El factor diferenciador realmente est\u00e1 en el sistema de uniformizaci\u00f3n de pantalla y de estabilizaci\u00f3n (en s\u00f3lo 7 minutos). Bueno, y el calibrador incorporado, claro est\u00e1. Ahora mismo el CG246 ya est\u00e1 descatalogado, pero su sucesor retoma todas sus virtudes, el <a href=\"http:\/\/www.eizoglobal.com\/products\/coloredge\/cg247\/index.html\">CG247<\/a>.<\/p>\n<p>Recientemente se han incorporado al cat\u00e1logo de BenQ el <a href=\"http:\/\/www.benq.com\/product\/monitor\/sw2700pt\/\" target=\"_blank\">SW2700PT<\/a> de 27&#8243;, con panel de 10 bits, gama Adobe, calibrado en fabrica y calibrable por hardware que est\u00e1 muy bien y <a title=\"BenQ SW2700PT, el nuevo \u2018kid on the block\u2019 de los monitores hi-end\" href=\"http:\/\/www.hugorodriguez.com\/blog\/reviews\/benq-sw2700pt-el-nuevo-kid-on-the-block-monitores-hi-end\/\">he analizado hace poco<\/a>. \u00c9chale un vistazo para m\u00e1s informaci\u00f3n. <a href=\"http:\/\/www.hugorodriguez.com\/blog\/wp-content\/uploads\/2015\/12\/BenQ-SW2700PT-02.jpg\"><img loading=\"lazy\" decoding=\"async\" class=\"aligncenter size-medium wp-image-2776\" src=\"http:\/\/www.hugorodriguez.com\/blog\/wp-content\/uploads\/2015\/12\/BenQ-SW2700PT-02-500x475.jpg\" alt=\"BenQ SW2700PT 02\" width=\"500\" height=\"475\" srcset=\"https:\/\/www.hugorodriguez.com\/blog\/wp-content\/uploads\/2015\/12\/BenQ-SW2700PT-02-500x475.jpg 500w, https:\/\/www.hugorodriguez.com\/blog\/wp-content\/uploads\/2015\/12\/BenQ-SW2700PT-02-450x428.jpg 450w, https:\/\/www.hugorodriguez.com\/blog\/wp-content\/uploads\/2015\/12\/BenQ-SW2700PT-02-705x669.jpg 705w, https:\/\/www.hugorodriguez.com\/blog\/wp-content\/uploads\/2015\/12\/BenQ-SW2700PT-02.jpg 800w\" sizes=\"auto, (max-width: 500px) 100vw, 500px\" \/><\/a><\/p>\n<h3 style=\"text-align: center;\">Monitores para video<\/h3>\n<p>Si el video es lo que m\u00e1s te interesa, los monitores que mejor te ir\u00e1n son aquellos que, o bien tienen alg\u00fan preset (calibrado decentemente en f\u00e1brica) para los est\u00e1ndares de video m\u00e1s comunes (como el Rec.709) o bien ofrecen multitud de ajustes en sus men\u00fas que permitan ajustarse a ellos.<\/p>\n<p>Tan solo debes comprobar que aceptan se\u00f1ales progresivas de menos de 50Hz, como 1080p25 o 24, para no llevarte un susto luego. Despu\u00e9s de haber calibrado <a title=\"Calibraci\u00f3n de monitor\/TV para video (in-situ)\" href=\"http:\/\/www.hugorodriguez.com\/blog\/servicios-de-gestion-de-color\/calibracion-de-tv-video-in-situ\/\">unos cuantos para post-productores y coloristas<\/a>, puedo certificar que los DELL <a href=\"http:\/\/accessories.euro.dell.com\/sna\/productdetail.aspx?c=es&amp;l=es&amp;s=dhs&amp;cs=esdhs1&amp;sku=754750\" target=\"_blank\">U2413<\/a> y <a href=\"http:\/\/www1.euro.dell.com\/content\/products\/productdetails.aspx?c=es&amp;cs=esdhs1&amp;id=dell-u2713h&amp;l=es&amp;s=dhs\" target=\"_blank\">2713H<\/a> y el <a href=\"http:\/\/www8.hp.com\/us\/en\/campaigns\/workstations\/dreamcolor-displays.html\" target=\"_blank\">HP Z27x Dreamcolor<\/a> (por alguna raz\u00f3n no aparece en la web espa\u00f1ola, pero s\u00ed puede comprarse) cumplen a la perfecci\u00f3n con el cometido.<\/p>\n<p>El HP Dreamcolor Z27x tiene muy buena fama en el mundo del video, pero en mi opini\u00f3n es un monitor que viene con una de cal y otra de arena. La de arena consiste en que gracias a su calibrador espec\u00edfico y su motor de color integrado (puedes ver <a title=\"Calibrando un HP Dreamcolor Z27x para video profesional\" href=\"http:\/\/www.hugorodriguez.com\/blog\/2015\/10\/calibrando-un-hp-dreamcolor-z27x-para-video-profesional\/\">mis impresiones sobre \u00e9l<\/a>) se calibra muy f\u00e1cilmente. La de cal te la encuentras al verificar que el resultado no es tan bueno como se pod\u00eda esperar. Y tambi\u00e9n al ver que conseguir un resultado mejor es complicado, ya que requiere de soluciones espec\u00edficas como <a href=\"http:\/\/calman.spectracal.com\/calman-home-video.html\" target=\"_blank\">CalMAN 5<\/a> con espectrofot\u00f3metros X-Rite i1Pro2, muchos cables, routers, amplios conocimientos sobre el tema y paciencia&#8230; Aun as\u00ed, esta soluci\u00f3n s\u00f3lo es v\u00e1lida cuando el monitor est\u00e1 conectado directamente al ordenador, no a trav\u00e9s de una tarjeta de video (tipo Blackmagic).<\/p>\n<p>Tambi\u00e9n los BenQ mencionados (<a href=\"http:\/\/www.benq.com\/product\/LCD\/PG2401PT\" target=\"_blank\">PG2401PT<\/a> y SW2700PT) son perfectamente aptos gracias a que tambi\u00e9n cuentan con multitud de ajustes en sus men\u00fas. No puedo confirmar, ya que no lo he probado aun, que estos monitores acepten se\u00f1ales de video (como 1080p 25) sin problemas. Los que s\u00ed son especialmente interesantes son los nuevos BenQ para video, como el sorprendente <a href=\"http:\/\/www.benq.com\/product\/monitor\/pv3200pt\/\" target=\"_blank\">PV3200PT<\/a>, que trae un panel IPS de resoluci\u00f3n UHD con gama Rec709 (la ideal para editar video), calibrado en fabrica y calibrable por hardware. Cuenta con un men\u00fa con multitud de ajustes de color y algunos espec\u00edficos para video (como el rango de HDMI) que lo hacen muy interesante para quien trabaje en ello. He tenido el gusto de probarlo y ciertamente es una delicia. Viene muy bien ajustado de fabrica al est\u00e1ndar Rec709. Mucho m\u00e1s a\u00fan al ver su <a href=\"http:\/\/es.colorconfidence.com\/benq-pv3200pt-pro-32in-ips-lcd-monitor.html\" target=\"_blank\">increible precio<\/a>&#8230;<\/p>\n<p>Tampoco puedo recomendar los NEC Multisync PA242w y 272w porque -incre\u00edblemente- NO aceptan se\u00f1ales de video progresivas de menos de 50 Hz (como 1080p25 o 24), haciendo imposible trabajar con tarjetas de video a este refresco. Idem para los NEC Spectraview.<\/p>\n","protected":false},"excerpt":{"rendered":"<p>Como vengo haciendo desde hace a\u00f1os, cada cierto tiempo actualizo mis recomendaciones de monitores para fotograf\u00eda. En esta ocasi\u00f3n voy a actualizar informaci\u00f3n con los \u00faltimos modelos y a a\u00f1adir un apartado nuevo: monitores para editar video. Vamos all\u00e1: DELL ha presentado a finales de 2015 los que ser\u00e1n los sucesores de los 2413, 2713H [&hellip;]<\/p>\n","protected":false},"author":1,"featured_media":3227,"comment_status":"open","ping_status":"closed","sticky":false,"template":"","format":"standard","meta":{"footnotes":""},"categories":[16],"tags":[23],"class_list":["post-3225","post","type-post","status-publish","format-standard","has-post-thumbnail","hentry","category-monitores","tag-calibracion"],"_links":{"self":[{"href":"https:\/\/www.hugorodriguez.com\/blog\/wp-json\/wp\/v2\/posts\/3225","targetHints":{"allow":["GET"]}}],"collection":[{"href":"https:\/\/www.hugorodriguez.com\/blog\/wp-json\/wp\/v2\/posts"}],"about":[{"href":"https:\/\/www.hugorodriguez.com\/blog\/wp-json\/wp\/v2\/types\/post"}],"author":[{"embeddable":true,"href":"https:\/\/www.hugorodriguez.com\/blog\/wp-json\/wp\/v2\/users\/1"}],"replies":[{"embeddable":true,"href":"https:\/\/www.hugorodriguez.com\/blog\/wp-json\/wp\/v2\/comments?post=3225"}],"version-history":[{"count":5,"href":"https:\/\/www.hugorodriguez.com\/blog\/wp-json\/wp\/v2\/posts\/3225\/revisions"}],"predecessor-version":[{"id":3231,"href":"https:\/\/www.hugorodriguez.com\/blog\/wp-json\/wp\/v2\/posts\/3225\/revisions\/3231"}],"wp:featuredmedia":[{"embeddable":true,"href":"https:\/\/www.hugorodriguez.com\/blog\/wp-json\/wp\/v2\/media\/3227"}],"wp:attachment":[{"href":"https:\/\/www.hugorodriguez.com\/blog\/wp-json\/wp\/v2\/media?parent=3225"}],"wp:term":[{"taxonomy":"category","embeddable":true,"href":"https:\/\/www.hugorodriguez.com\/blog\/wp-json\/wp\/v2\/categories?post=3225"},{"taxonomy":"post_tag","embeddable":true,"href":"https:\/\/www.hugorodriguez.com\/blog\/wp-json\/wp\/v2\/tags?post=3225"}],"curies":[{"name":"wp","href":"https:\/\/api.w.org\/{rel}","templated":true}]}}