{"id":3056,"date":"2016-03-08T23:00:03","date_gmt":"2016-03-08T22:00:03","guid":{"rendered":"http:\/\/www.hugorodriguez.com\/blog\/?p=3056"},"modified":"2016-03-08T23:09:29","modified_gmt":"2016-03-08T22:09:29","slug":"curso-de-gestion-del-color-en-afosal-salamanca","status":"publish","type":"post","link":"https:\/\/www.hugorodriguez.com\/blog\/2016\/03\/curso-de-gestion-del-color-en-afosal-salamanca\/","title":{"rendered":"Curso de gesti\u00f3n del color en AFOSAL (Salamanca)"},"content":{"rendered":"<p>Este fin de semana ser\u00e1 la primera vez que imparta un curso en Salamanca, una ciudad que ten\u00eda en mi lista de\u00a0ciudades por tachar de la lista de pendientes&#8230;<\/p>\n<p>Finalmente ha sido de la mano de <a href=\"http:\/\/afosal.es\/\" target=\"_blank\">AFOSAL<\/a>, la asociaci\u00f3n de fot\u00f3grafos de Salamanca, gracias a quienes ser\u00e1 posible. El curso ser\u00e1 un intensivo de 12 horas en el que abordar\u00e9 los principales aspectos de la gesti\u00f3n del color, comenzando por los conceptos esenciales y pasando por las diferentes fases del workflow de un fot\u00f3grafo moderno, como puedes ver en el programa.<\/p>\n<p><a href=\"http:\/\/www.hugorodriguez.com\/blog\/wp-content\/uploads\/2016\/03\/2016-03-12-Curso-Gestion-del-Color-AFOSAL_resize.jpg\"><img loading=\"lazy\" decoding=\"async\" class=\"aligncenter size-large wp-image-3057\" src=\"http:\/\/www.hugorodriguez.com\/blog\/wp-content\/uploads\/2016\/03\/2016-03-12-Curso-Gestion-del-Color-AFOSAL_resize-524x800.jpg\" alt=\"2016-03-12 Curso Gestion del Color - AFOSAL_resize\" width=\"524\" height=\"800\" srcset=\"https:\/\/www.hugorodriguez.com\/blog\/wp-content\/uploads\/2016\/03\/2016-03-12-Curso-Gestion-del-Color-AFOSAL_resize-524x800.jpg 524w, https:\/\/www.hugorodriguez.com\/blog\/wp-content\/uploads\/2016\/03\/2016-03-12-Curso-Gestion-del-Color-AFOSAL_resize-450x687.jpg 450w, https:\/\/www.hugorodriguez.com\/blog\/wp-content\/uploads\/2016\/03\/2016-03-12-Curso-Gestion-del-Color-AFOSAL_resize-327x500.jpg 327w, https:\/\/www.hugorodriguez.com\/blog\/wp-content\/uploads\/2016\/03\/2016-03-12-Curso-Gestion-del-Color-AFOSAL_resize-461x705.jpg 461w, https:\/\/www.hugorodriguez.com\/blog\/wp-content\/uploads\/2016\/03\/2016-03-12-Curso-Gestion-del-Color-AFOSAL_resize.jpg 655w\" sizes=\"auto, (max-width: 524px) 100vw, 524px\" \/><\/a><\/p>\n<p>Si te interesa comenzar a ver el color \u00abcon otro color\u00bb, ap\u00fantate lo antes posible ya que hay pocas plazas!<\/p>\n<p>Nos vemos all\u00ed.<\/p>\n","protected":false},"excerpt":{"rendered":"<p>Este fin de semana ser\u00e1 la primera vez que imparta un curso en Salamanca, una ciudad que ten\u00eda en mi lista de\u00a0ciudades por tachar de la lista de pendientes&#8230; Finalmente ha sido de la mano de AFOSAL, la asociaci\u00f3n de fot\u00f3grafos de Salamanca, gracias a quienes ser\u00e1 posible. El curso ser\u00e1 un intensivo de 12 [&hellip;]<\/p>\n","protected":false},"author":1,"featured_media":3057,"comment_status":"open","ping_status":"closed","sticky":false,"template":"","format":"standard","meta":{"footnotes":""},"categories":[63],"tags":[23,11],"class_list":["post-3056","post","type-post","status-publish","format-standard","has-post-thumbnail","hentry","category-cursos","tag-calibracion","tag-gestion-color"],"_links":{"self":[{"href":"https:\/\/www.hugorodriguez.com\/blog\/wp-json\/wp\/v2\/posts\/3056","targetHints":{"allow":["GET"]}}],"collection":[{"href":"https:\/\/www.hugorodriguez.com\/blog\/wp-json\/wp\/v2\/posts"}],"about":[{"href":"https:\/\/www.hugorodriguez.com\/blog\/wp-json\/wp\/v2\/types\/post"}],"author":[{"embeddable":true,"href":"https:\/\/www.hugorodriguez.com\/blog\/wp-json\/wp\/v2\/users\/1"}],"replies":[{"embeddable":true,"href":"https:\/\/www.hugorodriguez.com\/blog\/wp-json\/wp\/v2\/comments?post=3056"}],"version-history":[{"count":1,"href":"https:\/\/www.hugorodriguez.com\/blog\/wp-json\/wp\/v2\/posts\/3056\/revisions"}],"predecessor-version":[{"id":3058,"href":"https:\/\/www.hugorodriguez.com\/blog\/wp-json\/wp\/v2\/posts\/3056\/revisions\/3058"}],"wp:featuredmedia":[{"embeddable":true,"href":"https:\/\/www.hugorodriguez.com\/blog\/wp-json\/wp\/v2\/media\/3057"}],"wp:attachment":[{"href":"https:\/\/www.hugorodriguez.com\/blog\/wp-json\/wp\/v2\/media?parent=3056"}],"wp:term":[{"taxonomy":"category","embeddable":true,"href":"https:\/\/www.hugorodriguez.com\/blog\/wp-json\/wp\/v2\/categories?post=3056"},{"taxonomy":"post_tag","embeddable":true,"href":"https:\/\/www.hugorodriguez.com\/blog\/wp-json\/wp\/v2\/tags?post=3056"}],"curies":[{"name":"wp","href":"https:\/\/api.w.org\/{rel}","templated":true}]}}