{"id":29363,"date":"2025-10-28T14:44:35","date_gmt":"2025-10-28T12:44:35","guid":{"rendered":"https:\/\/www.hugorodriguez.com\/blog\/?p=29363"},"modified":"2025-10-30T11:45:05","modified_gmt":"2025-10-30T09:45:05","slug":"microcredencial-en-preservacion-digital-de-documentos-audiovisuales-uab","status":"publish","type":"post","link":"https:\/\/www.hugorodriguez.com\/blog\/2025\/10\/microcredencial-en-preservacion-digital-de-documentos-audiovisuales-uab\/","title":{"rendered":"Microcredencial en Preservacion Digital de Documentos Audiovisuales (UAB)"},"content":{"rendered":"\n<style type=\"text\/css\" data-created_by=\"avia_inline_auto\" id=\"style-css-av-1nsh1zn-8206be05341e1af29e6cfd1612f60d2f\">\n.flex_column.av-1nsh1zn-8206be05341e1af29e6cfd1612f60d2f{\nborder-radius:0px 0px 0px 0px;\npadding:0px 0px 0px 0px;\n}\n<\/style>\n<div  class='flex_column av-1nsh1zn-8206be05341e1af29e6cfd1612f60d2f av_one_full  avia-builder-el-0  el_before_av_one_half  avia-builder-el-first  first flex_column_div av-zero-column-padding  '     ><section  class='av_textblock_section av-mhajgcas-7a6a0069b1ee7d2797a963b08bbde651 '   itemscope=\"itemscope\" itemtype=\"https:\/\/schema.org\/BlogPosting\" itemprop=\"blogPost\" ><div class='avia_textblock'  itemprop=\"text\" ><p><img loading=\"lazy\" decoding=\"async\" class=\"aligncenter size-medium wp-image-29366\" src=\"https:\/\/www.hugorodriguez.com\/blog\/wp-content\/uploads\/2025\/10\/microcredencials-UAB-500x320.jpg\" alt=\"\" width=\"500\" height=\"320\" srcset=\"https:\/\/www.hugorodriguez.com\/blog\/wp-content\/uploads\/2025\/10\/microcredencials-UAB-500x320.jpg 500w, https:\/\/www.hugorodriguez.com\/blog\/wp-content\/uploads\/2025\/10\/microcredencials-UAB-80x51.jpg 80w, https:\/\/www.hugorodriguez.com\/blog\/wp-content\/uploads\/2025\/10\/microcredencials-UAB-450x288.jpg 450w, https:\/\/www.hugorodriguez.com\/blog\/wp-content\/uploads\/2025\/10\/microcredencials-UAB.jpg 594w\" sizes=\"auto, (max-width: 500px) 100vw, 500px\" \/><\/p>\n<p>La digitalizaci\u00f3n del patrimonio audiovisual es un proceso esencial para garantizar su preservaci\u00f3n y accesibilidad a largo plazo. Esta formaci\u00f3n ofrece una visi\u00f3n integral sobre los m\u00e9todos de digitalizaci\u00f3n, los formatos de archivo, la gesti\u00f3n de objetos digitales y las infraestructuras de almacenamiento. El alumnado adquirir\u00e1 conocimientos te\u00f3ricos y pr\u00e1cticos que le permitir\u00e1n gestionar y preservar adecuadamente los soportes audiovisuales en un entorno digital.<\/p>\n<p>Yo me encargar\u00e9 de la parte de video y sus caracter\u00edsticas:<\/p>\n<ul>\n<li>Est\u00e1ndares de video y resoluciones<\/li>\n<li>Framerate<\/li>\n<li>Muestreo de color<\/li>\n<li>Dispositivos de captura&#8230;<\/li>\n<\/ul>\n<h3 style=\"text-align: center;\">Objetivos<\/h3>\n<ul>\n<li>Conocer los m\u00e9todos de digitalizaci\u00f3n de los distintos soportes audiovisuales, tanto desde un punto de vista te\u00f3rico como pr\u00e1ctico.<\/li>\n<li>Comprender las caracter\u00edsticas de los formatos de archivo audiovisuales y su importancia para la preservaci\u00f3n digital.<\/li>\n<li>Explorar las herramientas y sistemas de gesti\u00f3n de objetos digitales y su aplicaci\u00f3n en la gesti\u00f3n de colecciones digitales.<\/li>\n<li>Analizar las opciones de almacenamiento digital y las pol\u00edticas de seguridad relacionadas.<\/li>\n<li>Conocer la aplicaci\u00f3n del modelo OAIS en la preservaci\u00f3n de fondos y colecciones audiovisuales.<\/li>\n<\/ul>\n<h3 style=\"text-align: center;\">Descripci\u00f3n<\/h3>\n<\/div><\/section><\/div>\n<style type=\"text\/css\" data-created_by=\"avia_inline_auto\" id=\"style-css-av-4ltumr-9c1807d93a57eb9163c6508b06aae71e\">\n.flex_column.av-4ltumr-9c1807d93a57eb9163c6508b06aae71e{\nborder-radius:0px 0px 0px 0px;\npadding:0px 0px 0px 0px;\n}\n<\/style>\n<div  class='flex_column av-4ltumr-9c1807d93a57eb9163c6508b06aae71e av_one_half  avia-builder-el-2  el_after_av_one_full  el_before_av_one_half  first flex_column_div av-zero-column-padding  column-top-margin'     ><section  class='av_textblock_section av-mhajhxaf-ed4f8c08a7e975db7855b3720c3af5e0 '   itemscope=\"itemscope\" itemtype=\"https:\/\/schema.org\/BlogPosting\" itemprop=\"blogPost\" ><div class='avia_textblock'  itemprop=\"text\" ><ul>\n<li><strong>Modalidad<\/strong>:\u00a0Online<\/li>\n<li><strong>Cr\u00e9ditos<\/strong>:\u00a05 ECTS<\/li>\n<li><strong>Inicio<\/strong>:\u00a010\/11\/2025<\/li>\n<li><strong>Final<\/strong>:\u00a031\/01\/2026<\/li>\n<li><strong>Plazas<\/strong>:\u00a025<\/li>\n<\/ul>\n<\/div><\/section><\/div><\/p>\n\n<style type=\"text\/css\" data-created_by=\"avia_inline_auto\" id=\"style-css-av-jwsdub-19fc9864cc8aae9b8b7cc0b550c71c3c\">\n.flex_column.av-jwsdub-19fc9864cc8aae9b8b7cc0b550c71c3c{\nborder-radius:0px 0px 0px 0px;\npadding:0px 0px 0px 0px;\n}\n<\/style>\n<div  class='flex_column av-jwsdub-19fc9864cc8aae9b8b7cc0b550c71c3c av_one_half  avia-builder-el-4  el_after_av_one_half  el_before_av_textblock  flex_column_div av-zero-column-padding  column-top-margin'     ><section  class='av_textblock_section av-mhajlkyk-9a3851671b617cc69e8b3b3fb7e92d80 '   itemscope=\"itemscope\" itemtype=\"https:\/\/schema.org\/BlogPosting\" itemprop=\"blogPost\" ><div class='avia_textblock'  itemprop=\"text\" ><ul>\n<li><strong>Orientaci\u00f3n<\/strong>:\u00a0Profesional<\/li>\n<li><strong>Precio<\/strong>:\u00a0765 \u20ac<\/li>\n<li><strong>Precio especial<\/strong>\u00a0229 \u20ac<\/li>\n<li><strong>Colectivo de aplicaci\u00f3n<\/strong>: Importe con el descuento del Fondo NextGenerationUE aplicado<\/li>\n<li><strong>Idioma de docencia<\/strong>:\u00a0Castellano<\/li>\n<li><strong>Lugar<\/strong>:\u00a0Virtual con docencia s\u00edncrona los lunes y mi\u00e9rcoles de 18:00 a 20:00 h.<\/li>\n<\/ul>\n<\/div><\/section><\/div>\n<section  class='av_textblock_section av-mhajp98j-dd58502bcb115c93afe2f65018dccdb5 '   itemscope=\"itemscope\" itemtype=\"https:\/\/schema.org\/BlogPosting\" itemprop=\"blogPost\" ><div class='avia_textblock'  itemprop=\"text\" ><h3 style=\"text-align: center;\">Plan de estudios<\/h3>\n<ul>\n<li>La digitalizaci\u00f3n: m\u00e9todos y pr\u00e1cticas<\/li>\n<li>Introducci\u00f3n a los procesos de digitalizaci\u00f3n de soportes audiovisuales.<\/li>\n<li>Manejo de equipos de reproducci\u00f3n y conversi\u00f3n de se\u00f1al anal\u00f3gica a digital.<\/li>\n<li>Formatos de archivos audiovisuales<\/li>\n<li>Caracter\u00edsticas de los distintos formatos de archivo y su relevancia para la preservaci\u00f3n.<\/li>\n<li>Tendencias actuales en formatos digitales y su evoluci\u00f3n.<\/li>\n<li>Sistemas de gesti\u00f3n de objetos digitales<\/li>\n<li>Herramientas inform\u00e1ticas para la gesti\u00f3n de colecciones digitales.<\/li>\n<li>Funcionalidades clave para la ingesti\u00f3n, visualizaci\u00f3n y clasificaci\u00f3n de objetos digitales.<\/li>\n<li>Almacenamiento: dispositivos e infraestructuras<\/li>\n<li>Tipos de dispositivos de almacenamiento y sus propiedades.<\/li>\n<li>Estrategias para la gesti\u00f3n de repositorios digitales y pol\u00edticas de seguridad.<\/li>\n<li>Aplicaci\u00f3n del modelo OAIS<\/li>\n<li>Comprensi\u00f3n del modelo OAIS para la preservaci\u00f3n digital.<\/li>\n<li>Ciclo de vida de los documentos digitales y su accesibilidad futura.<\/li>\n<\/ul>\n<h3 style=\"text-align: center;\">Inscripciones<\/h3>\n<p>Si est\u00e1s interesado\/a en profundizar tus conocimientos sobre la digitalizaci\u00f3n y preservaci\u00f3n del patrimonio audiovisual, no dudes en matricularte. Este curso es ideal tanto para profesionales del sector como para quienes desean iniciarse en esta disciplina. No pierdas la oportunidad de formarte en un \u00e1mbito esencial para la preservaci\u00f3n del patrimonio documental audiovisual.<\/p>\n<h3 style=\"text-align: center;\">Contenidos<\/h3>\n<ul>\n<li style=\"text-align: left;\">Digitalizaci\u00f3n<\/li>\n<li>Formatos de archivos audiovisuales<\/li>\n<li>Sistemas de gesti\u00f3n de objetos digitales<\/li>\n<li>Almacenamiento: dispositivos e infraestructuras de almacenamiento y gesti\u00f3n de repositorios digitales. Pol\u00edticas de seguridad<\/li>\n<li>Aplicaci\u00f3n del modelo OAIS a fondos y colecciones audiovisuales<\/li>\n<\/ul>\n<\/div><\/section>\n<div  class='avia-button-wrap av-mhajzu8o-3995dadc1ff3460e3783f9c736db10d4-wrap avia-button-center  avia-builder-el-7  el_after_av_textblock  avia-builder-el-last '><a href='https:\/\/www.uab.cat\/web\/postgrado\/microcredencial-en-preservacion-digital-de-documentos-audiovisuales\/informacion-general-1206597475768.html\/param1-5214_es\/'  class='avia-button av-mhajzu8o-3995dadc1ff3460e3783f9c736db10d4 av-link-btn avia-icon_select-yes-right-icon avia-size-large avia-position-center av-icon-on-hover avia-color-theme-color'  target=\"_blank\"  rel=\"noopener noreferrer\"  aria-label=\"M\u00c1S INFORMACI\u00d3N\"><span class='avia_iconbox_title' >M\u00c1S INFORMACI\u00d3N<\/span><span class='avia_button_icon avia_button_icon_right avia-iconfont avia-font-entypo-fontello' data-av_icon='\ue832' data-av_iconfont='entypo-fontello' ><\/span><\/a><\/div>\n","protected":false},"excerpt":{"rendered":"","protected":false},"author":1,"featured_media":29366,"comment_status":"open","ping_status":"closed","sticky":false,"template":"","format":"standard","meta":{"footnotes":""},"categories":[63],"tags":[23,33,341,11],"class_list":["post-29363","post","type-post","status-publish","format-standard","has-post-thumbnail","hentry","category-cursos","tag-calibracion","tag-captura-digital","tag-digitalizacion","tag-gestion-color"],"_links":{"self":[{"href":"https:\/\/www.hugorodriguez.com\/blog\/wp-json\/wp\/v2\/posts\/29363","targetHints":{"allow":["GET"]}}],"collection":[{"href":"https:\/\/www.hugorodriguez.com\/blog\/wp-json\/wp\/v2\/posts"}],"about":[{"href":"https:\/\/www.hugorodriguez.com\/blog\/wp-json\/wp\/v2\/types\/post"}],"author":[{"embeddable":true,"href":"https:\/\/www.hugorodriguez.com\/blog\/wp-json\/wp\/v2\/users\/1"}],"replies":[{"embeddable":true,"href":"https:\/\/www.hugorodriguez.com\/blog\/wp-json\/wp\/v2\/comments?post=29363"}],"version-history":[{"count":5,"href":"https:\/\/www.hugorodriguez.com\/blog\/wp-json\/wp\/v2\/posts\/29363\/revisions"}],"predecessor-version":[{"id":29377,"href":"https:\/\/www.hugorodriguez.com\/blog\/wp-json\/wp\/v2\/posts\/29363\/revisions\/29377"}],"wp:featuredmedia":[{"embeddable":true,"href":"https:\/\/www.hugorodriguez.com\/blog\/wp-json\/wp\/v2\/media\/29366"}],"wp:attachment":[{"href":"https:\/\/www.hugorodriguez.com\/blog\/wp-json\/wp\/v2\/media?parent=29363"}],"wp:term":[{"taxonomy":"category","embeddable":true,"href":"https:\/\/www.hugorodriguez.com\/blog\/wp-json\/wp\/v2\/categories?post=29363"},{"taxonomy":"post_tag","embeddable":true,"href":"https:\/\/www.hugorodriguez.com\/blog\/wp-json\/wp\/v2\/tags?post=29363"}],"curies":[{"name":"wp","href":"https:\/\/api.w.org\/{rel}","templated":true}]}}