{"id":2921,"date":"2016-01-12T10:53:35","date_gmt":"2016-01-12T09:53:35","guid":{"rendered":"http:\/\/www.hugorodriguez.com\/blog\/?p=2921"},"modified":"2016-01-12T10:54:07","modified_gmt":"2016-01-12T09:54:07","slug":"curso-de-calibracion-de-proyectores-4k-en-werner-bcn","status":"publish","type":"post","link":"https:\/\/www.hugorodriguez.com\/blog\/2016\/01\/curso-de-calibracion-de-proyectores-4k-en-werner-bcn\/","title":{"rendered":"Curso de calibraci\u00f3n de proyectores 4K en WERNER BCN"},"content":{"rendered":"<p>El pr\u00f3ximo jueves 22 de este mismo mes impartir\u00e9 un curso\u00a0en el que\u00a0explicar\u00e9 los aspectos esenciales acerca de c\u00f3mo realizar una calibraci\u00f3n de un proyector 4K. Ser\u00e1 mi primer curso en <a href=\"http:\/\/werner-musica.com\" target=\"_blank\">WERNER<\/a>, la prestigiosa y veterana tienda de audio y video high-end del centro de Barcelona, con la que recientemente <a title=\"Nueva colaboraci\u00f3n con WERNER.\" href=\"http:\/\/www.hugorodriguez.com\/blog\/2016\/01\/nueva-colaboracion-con-werner\/\">he comenzado una colaboraci\u00f3n <\/a>en este \u00e1rea.<\/p>\n<p><a href=\"http:\/\/werner-musica.com\/werner\/proximamente-curso-de-calibracion-4k-de-proyectores\/\" target=\"_blank\"><img loading=\"lazy\" decoding=\"async\" class=\"aligncenter wp-image-2922 size-full\" src=\"http:\/\/www.hugorodriguez.com\/blog\/wp-content\/uploads\/2016\/01\/2016-01-22-Curso-proyectores-4K-WERNER.png\" alt=\"2016-01-22 Curso proyectores 4K - WERNER\" width=\"600\" height=\"452\" srcset=\"https:\/\/www.hugorodriguez.com\/blog\/wp-content\/uploads\/2016\/01\/2016-01-22-Curso-proyectores-4K-WERNER.png 600w, https:\/\/www.hugorodriguez.com\/blog\/wp-content\/uploads\/2016\/01\/2016-01-22-Curso-proyectores-4K-WERNER-450x339.png 450w, https:\/\/www.hugorodriguez.com\/blog\/wp-content\/uploads\/2016\/01\/2016-01-22-Curso-proyectores-4K-WERNER-500x376.png 500w\" sizes=\"auto, (max-width: 600px) 100vw, 600px\" \/><\/a><\/p>\n<p>&nbsp;<\/p>\n<p>El curso est\u00e1 orientado a usuarios de nivel medio y tiene el objetivo de explicar algunos de los conceptos b\u00e1sicos de la proyecci\u00f3n de video y\u00a0mostrar qu\u00e9 pasos conviene dar para conseguir que un proyector muestre la imagen lo m\u00e1s fielmente posible. En definitiva, para que pueda verse la misma gama crom\u00e1tica que en un buen cine; que es justamente la que el director de fotograf\u00eda quer\u00eda que se viese.<\/p>\n<p>Aunque el curso estar\u00e1 orientado a proyectores 4K, todos los conceptos son perfectamente aplicables a modelos HD y FullHD, eso si.<\/p>\n<p>Si te apasiona el tema, no lo dejes para el \u00faltimo momento y <a href=\"http:\/\/werner-musica.com\/werner\/proximamente-curso-de-calibracion-4k-de-proyectores\/\" target=\"_blank\">ap\u00fantate ya<\/a>, que las plazas son limitadas.<\/p>\n","protected":false},"excerpt":{"rendered":"<p>El pr\u00f3ximo jueves 22 de este mismo mes impartir\u00e9 un curso\u00a0en el que\u00a0explicar\u00e9 los aspectos esenciales acerca de c\u00f3mo realizar una calibraci\u00f3n de un proyector 4K. Ser\u00e1 mi primer curso en WERNER, la prestigiosa y veterana tienda de audio y video high-end del centro de Barcelona, con la que recientemente he comenzado una colaboraci\u00f3n en [&hellip;]<\/p>\n","protected":false},"author":1,"featured_media":2922,"comment_status":"open","ping_status":"closed","sticky":false,"template":"","format":"standard","meta":{"footnotes":""},"categories":[63],"tags":[11,74],"class_list":["post-2921","post","type-post","status-publish","format-standard","has-post-thumbnail","hentry","category-cursos","tag-gestion-color","tag-video"],"_links":{"self":[{"href":"https:\/\/www.hugorodriguez.com\/blog\/wp-json\/wp\/v2\/posts\/2921","targetHints":{"allow":["GET"]}}],"collection":[{"href":"https:\/\/www.hugorodriguez.com\/blog\/wp-json\/wp\/v2\/posts"}],"about":[{"href":"https:\/\/www.hugorodriguez.com\/blog\/wp-json\/wp\/v2\/types\/post"}],"author":[{"embeddable":true,"href":"https:\/\/www.hugorodriguez.com\/blog\/wp-json\/wp\/v2\/users\/1"}],"replies":[{"embeddable":true,"href":"https:\/\/www.hugorodriguez.com\/blog\/wp-json\/wp\/v2\/comments?post=2921"}],"version-history":[{"count":1,"href":"https:\/\/www.hugorodriguez.com\/blog\/wp-json\/wp\/v2\/posts\/2921\/revisions"}],"predecessor-version":[{"id":2924,"href":"https:\/\/www.hugorodriguez.com\/blog\/wp-json\/wp\/v2\/posts\/2921\/revisions\/2924"}],"wp:featuredmedia":[{"embeddable":true,"href":"https:\/\/www.hugorodriguez.com\/blog\/wp-json\/wp\/v2\/media\/2922"}],"wp:attachment":[{"href":"https:\/\/www.hugorodriguez.com\/blog\/wp-json\/wp\/v2\/media?parent=2921"}],"wp:term":[{"taxonomy":"category","embeddable":true,"href":"https:\/\/www.hugorodriguez.com\/blog\/wp-json\/wp\/v2\/categories?post=2921"},{"taxonomy":"post_tag","embeddable":true,"href":"https:\/\/www.hugorodriguez.com\/blog\/wp-json\/wp\/v2\/tags?post=2921"}],"curies":[{"name":"wp","href":"https:\/\/api.w.org\/{rel}","templated":true}]}}