{"id":29121,"date":"2025-04-02T14:51:20","date_gmt":"2025-04-02T12:51:20","guid":{"rendered":"https:\/\/www.hugorodriguez.com\/blog\/?p=29121"},"modified":"2025-04-02T14:51:20","modified_gmt":"2025-04-02T12:51:20","slug":"curso-de-laboratorio-digital-black-kamera","status":"publish","type":"post","link":"https:\/\/www.hugorodriguez.com\/blog\/2025\/04\/curso-de-laboratorio-digital-black-kamera\/","title":{"rendered":"CURSO DE LABORATORIO DIGITAL BLACK KAMERA"},"content":{"rendered":"<section  class='av_textblock_section av-av_textblock-445188a952fb265869ea404d0e52fad7 '   itemscope=\"itemscope\" itemtype=\"https:\/\/schema.org\/BlogPosting\" itemprop=\"blogPost\" ><div class='avia_textblock'  itemprop=\"text\" ><p>Si quieres aprender a gestionar tus fotos, a revelarlas, editarlas y exportarlas, y adem\u00e1s con siendo lo mas eficiente y productivo posible (en el menor tiempo y con el minimo esfuerzo), no busques mas: este curso<br \/>\nes para ti!<\/p>\n<p><a href=\"https:\/\/blackkamera.com\/curso-laboratorio-digital\"><img loading=\"lazy\" decoding=\"async\" class=\"aligncenter size-full wp-image-29122\" src=\"https:\/\/www.hugorodriguez.com\/blog\/wp-content\/uploads\/2025\/04\/Workshop-Lightroom-Classic-2025-1200px.jpg\" alt=\"\" width=\"700\" height=\"207\" srcset=\"https:\/\/www.hugorodriguez.com\/blog\/wp-content\/uploads\/2025\/04\/Workshop-Lightroom-Classic-2025-1200px.jpg 700w, https:\/\/www.hugorodriguez.com\/blog\/wp-content\/uploads\/2025\/04\/Workshop-Lightroom-Classic-2025-1200px-80x24.jpg 80w, https:\/\/www.hugorodriguez.com\/blog\/wp-content\/uploads\/2025\/04\/Workshop-Lightroom-Classic-2025-1200px-500x148.jpg 500w, https:\/\/www.hugorodriguez.com\/blog\/wp-content\/uploads\/2025\/04\/Workshop-Lightroom-Classic-2025-1200px-450x133.jpg 450w\" sizes=\"auto, (max-width: 700px) 100vw, 700px\" \/><\/a><\/p>\n<p>Ser\u00e1 un curso online de 36h que impartir\u00e9 personalmente en la escuela Black Kamera, en 12 sesiones (una por semana).<br \/>\nSi te interesa, apuntate en:<\/p>\n<\/div><\/section>\n\n<style type=\"text\/css\" data-created_by=\"avia_inline_auto\" id=\"style-css-av-av_one_full-1df1b63c6c045939f2dc1aefbdd8e7ad\">\n.flex_column.av-av_one_full-1df1b63c6c045939f2dc1aefbdd8e7ad{\nborder-radius:0px 0px 0px 0px;\npadding:0px 0px 0px 0px;\n}\n<\/style>\n<div  class='flex_column av-av_one_full-1df1b63c6c045939f2dc1aefbdd8e7ad av_one_full  avia-builder-el-1  el_after_av_textblock  el_before_av_button  first flex_column_div av-zero-column-padding  column-top-margin'     ><section  class='av_textblock_section av-m8zxb81i-84892208a0ebca730959f197bc1b10da '   itemscope=\"itemscope\" itemtype=\"https:\/\/schema.org\/BlogPosting\" itemprop=\"blogPost\" ><div class='avia_textblock'  itemprop=\"text\" ><h3>DURACI\u00d3N:<\/h3>\n<p>36 horas: 12 sesiones<\/p>\n<h3>COMIENZA<\/h3>\n<p>21 de Marzo 2025<\/p>\n<h3>DIA Y HORARIO<\/h3>\n<p>VIERNES: De 15,00h a 18,00h.<\/p>\n<h3>N\u00ba DE ALUMNOS<\/h3>\n<p>12 Alumnos\/as.<\/p>\n<h3>TITULACI\u00d3N<\/h3>\n<p>T\u00edtulo acreditativo de la Escuela de fotograf\u00eda documental Blackkamera. Certificado de horas.<\/p>\n<h3>NECESIDADES MATERIALES<\/h3>\n<p>Ordenador con el programa Adobe Bridge, Camera Raw y Lightroom (de Adobe) para la gesti\u00f3n y revelado de las fotograf\u00edas digitales.<\/p>\n<h3>PRECIO<\/h3>\n<p>550 inscripci\u00f3n + 50 inscripci\u00f3n \u2013 600 \u20ac<\/p>\n<p>Puedes financiar tus cursos en c\u00f3modos plazos. Posibilidad de pagos con tarjeta de cr\u00e9dito, transferencia bancaria o efectivo.<\/p>\n<h3>Descripci\u00f3n general del curso:<\/h3>\n<p>Curso orientado a fot\u00f3grafos y estudiantes de fotograf\u00eda que quieran desarrollar las posibilidades creativas y de calidad que ofrece el tratamiento digital de las im\u00e1genes en formato RAW de c\u00e1mara.<\/p>\n<h3>Desarrollo:<\/h3>\n<p>Curso orientado a fot\u00f3grafos y estudiantes de fotograf\u00eda que quieran desarrollar las posibilidades creativas y de calidad que ofrece el tratamiento digital de las im\u00e1genes en formato RAW de c\u00e1mara.<\/p>\n<p>Este curso permite entender las caracter\u00edsticas y posibilidades del negativo digital (RAW) y su posterior archivo, procesado y exportaci\u00f3n de im\u00e1genes mediante flujo de trabajo en el entorno de Adobe: Bridge, Camera Raw y Lightroom.<\/p>\n<p>El curso permite planteamiento productivo y creativo del procesado de im\u00e1genes en formato RAW que posibilita sacar todo el potencial a tus fotograf\u00edas, permitiendo resultados de gran calidad y de forma fluida.<\/p>\n<p>El tratamiento de las im\u00e1genes \u00abcrudas\u00bb o en formato RAW mejora los resultados significativamente mediante una edici\u00f3n flexible que ampl\u00eda el rango din\u00e1mico y el con- traste de las fotografias, permite un control detallado del color y mejora la nitidez y el ruido, adem\u00e1s de a\u00f1adir un sin fin de posibilidades expresivas.<\/p>\n<p>Adem\u00e1s, la gesti\u00f3n de archivos permite etiquetar e identificar grandes vol\u00famenes de fotograf\u00edas permiti\u00e9ndonos realizar procesos de revelado en lote para un conjunto de im\u00e1genes, agilizando el proceso de revelado y exportaci\u00f3n y garantizando un control del \u00ablook\u00bb final de nuestras fotograf\u00edas.<\/p>\n<h3>Metodolog\u00eda:<\/h3>\n<p>Los conceptos son desarrollados de forma te\u00f3rica y pr\u00e1ctica. Mediante una librer\u00eda de im\u00e1genes y con ejemplos preparados para el curso y\/o con el propio material de los alumnos se trabaja la gran mayor\u00eda de los contenidos expuestos in situ.<\/p>\n<p>Del mismo modo, algunos ejercicios de procesado se plantear\u00e1n semanalmente para que puedan desarrollarlos fuera de las horas lectivas sobre su propio material y evaluar los posteriormente en una din\u00e1mica de grupo orientada y posibilitar la resoluci\u00f3n de dudas y problemas.<\/p>\n<\/div><\/section><\/div><div  class='avia-button-wrap av-m8zxdou4-609f44f2cb980715204dfeba1669d536-wrap avia-button-center  avia-builder-el-3  el_after_av_one_full  el_before_av_textblock '><a href='https:\/\/blackkamera.com\/curso-laboratorio-digital'  class='avia-button av-m8zxdou4-609f44f2cb980715204dfeba1669d536 av-link-btn avia-icon_select-yes-right-icon avia-size-large avia-position-center av-icon-on-hover avia-color-theme-color'  target=\"_blank\"  rel=\"noopener noreferrer\"  aria-label=\"ME INTERESA...\"><span class='avia_iconbox_title' >ME INTERESA...<\/span><span class='avia_button_icon avia_button_icon_right avia-iconfont avia-font-entypo-fontello' data-av_icon='\ue832' data-av_iconfont='entypo-fontello' ><\/span><\/a><\/div><\/p>\n<section  class='av_textblock_section av-m8zxc3bm-9e8dd0d1257a36f58dee677b80ca5b7a '   itemscope=\"itemscope\" itemtype=\"https:\/\/schema.org\/BlogPosting\" itemprop=\"blogPost\" ><div class='avia_textblock'  itemprop=\"text\" ><h3 style=\"text-align: center;\">PROGRAMA DE CONTENIDOS<\/h3>\n<\/div><\/section>\n\n<style type=\"text\/css\" data-created_by=\"avia_inline_auto\" id=\"style-css-av-av_one_third-1df1b63c6c045939f2dc1aefbdd8e7ad\">\n.flex_column.av-av_one_third-1df1b63c6c045939f2dc1aefbdd8e7ad{\nborder-radius:0px 0px 0px 0px;\npadding:0px 0px 0px 0px;\n}\n<\/style>\n<div  class='flex_column av-av_one_third-1df1b63c6c045939f2dc1aefbdd8e7ad av_one_third  avia-builder-el-5  el_after_av_textblock  el_before_av_one_third  first flex_column_div av-zero-column-padding  column-top-margin'     ><section  class='av_textblock_section av-m8zx35h6-31548b985b029ddc592d4225c69f8a23 '   itemscope=\"itemscope\" itemtype=\"https:\/\/schema.org\/BlogPosting\" itemprop=\"blogPost\" ><div class='avia_textblock'  itemprop=\"text\" ><p><strong>M\u00f3dulo 1: RAW \u2013 El Negativo Digital (3h)<\/strong><\/p>\n<p>\u00bfQu\u00e9 es un archivo RAW?<\/p>\n<p>Flujo de trabajo con RAW. El revelado.<\/p>\n<p>RAW vs JPEG.<\/p>\n<p>El formato DNG.<\/p>\n<p><strong>M\u00f3dulo 2: Adobe Bridge (3h)<\/strong><\/p>\n<p>Interfaz. Thumbnails. Personalizaci\u00f3n.<\/p>\n<p>Visualizaci\u00f3n. Modo Revisi\u00f3n. Gesti\u00f3n de archivos.<\/p>\n<p>Envio a Ps y ACR.<\/p>\n<p>Renombrar en lotes.<\/p>\n<p>Crear una hoja de contactos.<\/p>\n<p>El procesador de imagenes.<\/p>\n<p>Acciones rapidas.<\/p>\n<p>Usar los flujos de trabajo.<\/p>\n<p><strong>M\u00f3dulo 3: Metadatos y Organizaci\u00f3n (1h)<\/strong><\/p>\n<p>Metadatos EXIF, IPTC..<\/p>\n<p>Archivos sidecar y plantillas.<\/p>\n<p>Content Credentials<\/p>\n<p><strong>M\u00f3dulo 4: Calibraci\u00f3n del Monitor (2h)<\/strong><\/p>\n<p>\u00bfPor qu\u00e9 calibrar el monitor?<\/p>\n<p>Que se necesita<\/p>\n<p>El proceso<\/p>\n<p>Recomendaciones de monitores para edici\u00f3n fotogr\u00e1fica.<\/p>\n<p><strong>M\u00f3dulo 5: Adobe Camera Raw (9h)<\/strong><\/p>\n<p>Interfaz y edici\u00f3n no destructiva.<\/p>\n<p>Criterio de Revelado Universal (CRU).<\/p>\n<p>Gesti\u00f3n de color<\/p>\n<p>Correcci\u00f3n de defectos opticos.<\/p>\n<p>Interfaz<\/p>\n<p>WB<\/p>\n<p>Ajustes de procesado final.<\/p>\n<p>Ajustes tonames en escenas de bajo y alto contraste<\/p>\n<p>Exportar la imagen. Para web y redes. Para pantalla. Para imprimir.<\/p>\n<\/div><\/section><\/div>\n<style type=\"text\/css\" data-created_by=\"avia_inline_auto\" id=\"style-css-av-av_one_third-862f0c8b97abc46405e90743a1c7ee0e\">\n.flex_column.av-av_one_third-862f0c8b97abc46405e90743a1c7ee0e{\nborder-radius:0px 0px 0px 0px;\npadding:0px 0px 0px 0px;\n}\n<\/style>\n<div  class='flex_column av-av_one_third-862f0c8b97abc46405e90743a1c7ee0e av_one_third  avia-builder-el-7  el_after_av_one_third  el_before_av_one_third  flex_column_div av-zero-column-padding  column-top-margin'     ><section  class='av_textblock_section av-m8zx3wol-1bd0a8199b9b45ea79a17178b2da6999 '   itemscope=\"itemscope\" itemtype=\"https:\/\/schema.org\/BlogPosting\" itemprop=\"blogPost\" ><div class='avia_textblock'  itemprop=\"text\" ><p><strong>M\u00f3dulo 6: Retoque Fotogr\u00e1fico<\/strong><\/p>\n<p>Filtro graduado. Filtro real y por software.<\/p>\n<p>Borrar elementos<\/p>\n<p>Retoque por zonas. Mascaras. Pincel de ajuste.<\/p>\n<p>El panel de m\u00e1scaras. M\u00e1scaras basadas en IA.<\/p>\n<p><strong>M\u00f3dulo 7: Funciones avanzadas.<\/strong><\/p>\n<p>El editor HSL<\/p>\n<p>La herramienta ajuste de destino<\/p>\n<p>Conversi\u00f3n a B\/N en ACR<\/p>\n<p><strong>Modulo 8: El enfoque<\/strong><\/p>\n<p>Mal enfoque vs buen Preferencias enfoque.<\/p>\n<p><strong>Modulo 9: Corregir defectos de la toma<\/strong><\/p>\n<p>Reducir ruido<\/p>\n<p>Motas de polvo<\/p>\n<p><strong>Modulo 10: Efectos especiales.<\/strong><\/p>\n<p>A\u00f1adir grano<\/p>\n<p>Vi\u00f1eteo creativo<\/p>\n<p><strong>Modulo 11: Un ejemplo real.<\/strong><\/p>\n<p>Un paisaje<\/p>\n<p>Un retrato<\/p>\n<p><strong>Modulo 12: Adobe Lightroom (18h)<\/strong><\/p>\n<p>Interfaz<\/p>\n<p>El Cat\u00e1logo.<\/p>\n<p>Importar y gestionar ficheros<\/p>\n<p>Etiquetar im\u00e1genes.<\/p>\n<p>Buscar y filtrar<\/p>\n<p>Colecciones<\/p>\n<p>Copias de seguridad<\/p>\n<p>El Gesti\u00f3n del color en Lr. El CRU<\/p>\n<\/div><\/section><\/div>\n<style type=\"text\/css\" data-created_by=\"avia_inline_auto\" id=\"style-css-av-av_one_third-862f0c8b97abc46405e90743a1c7ee0e\">\n.flex_column.av-av_one_third-862f0c8b97abc46405e90743a1c7ee0e{\nborder-radius:0px 0px 0px 0px;\npadding:0px 0px 0px 0px;\n}\n<\/style>\n<div  class='flex_column av-av_one_third-862f0c8b97abc46405e90743a1c7ee0e av_one_third  avia-builder-el-9  el_after_av_one_third  avia-builder-el-last  flex_column_div av-zero-column-padding  column-top-margin'     ><section  class='av_textblock_section av-m8zx3lpa-cdc694c5b4ee6f127205a138903824a0 '   itemscope=\"itemscope\" itemtype=\"https:\/\/schema.org\/BlogPosting\" itemprop=\"blogPost\" ><div class='avia_textblock'  itemprop=\"text\" ><p><strong>Modulo 13: Perfilar la camara.<\/strong><\/p>\n<p>\u00bfPara qu\u00e9 perfilar?<\/p>\n<p>Cartas de color<\/p>\n<p>Perfiles ICC y DCP.<\/p>\n<p><strong>Modulo 14. Modulo de Lightroom.<\/strong><\/p>\n<p>Geolocalizaci\u00f3n de im\u00e1genes.<\/p>\n<p>Crear un fotolibro<\/p>\n<p>Crear una presentaci\u00f3n.<\/p>\n<p><strong>Modulo 15: WEB.<\/strong><\/p>\n<p>Un poco de HTML<\/p>\n<p>\u00bfPara que crear una web?<\/p>\n<p>Crear una p\u00e1gina WEB<\/p>\n<p>Exportar y hospedar.<\/p>\n<p><strong>Modulo 16: Imprimir.<\/strong><\/p>\n<p>Impresoras, papeles y tintas.<\/p>\n<p>Softproof.<\/p>\n<p>Imprimir una fotograf\u00eda.<\/p>\n<p><strong>Modulo 17: T\u00e9cnicas especiales.<\/strong><\/p>\n<p>La t\u00e9cnica de HDR.<\/p>\n<p>Disparar para HDR<\/p>\n<p>Combinar en HDR.<\/p>\n<p>La fotograf\u00eda panor\u00e1mica. Material necesario.<\/p>\n<p>Disparar una panor\u00e1mica.<\/p>\n<p>Crear una panor\u00e1mica.<\/p>\n<\/div><\/section><\/div><\/p>\n","protected":false},"excerpt":{"rendered":"","protected":false},"author":1,"featured_media":29122,"comment_status":"open","ping_status":"closed","sticky":false,"template":"","format":"standard","meta":{"footnotes":""},"categories":[63],"tags":[106,241,48,7],"class_list":["post-29121","post","type-post","status-publish","format-standard","has-post-thumbnail","hentry","category-cursos","tag-cameraraw","tag-cursos","tag-lightroom","tag-raw"],"_links":{"self":[{"href":"https:\/\/www.hugorodriguez.com\/blog\/wp-json\/wp\/v2\/posts\/29121","targetHints":{"allow":["GET"]}}],"collection":[{"href":"https:\/\/www.hugorodriguez.com\/blog\/wp-json\/wp\/v2\/posts"}],"about":[{"href":"https:\/\/www.hugorodriguez.com\/blog\/wp-json\/wp\/v2\/types\/post"}],"author":[{"embeddable":true,"href":"https:\/\/www.hugorodriguez.com\/blog\/wp-json\/wp\/v2\/users\/1"}],"replies":[{"embeddable":true,"href":"https:\/\/www.hugorodriguez.com\/blog\/wp-json\/wp\/v2\/comments?post=29121"}],"version-history":[{"count":5,"href":"https:\/\/www.hugorodriguez.com\/blog\/wp-json\/wp\/v2\/posts\/29121\/revisions"}],"predecessor-version":[{"id":29143,"href":"https:\/\/www.hugorodriguez.com\/blog\/wp-json\/wp\/v2\/posts\/29121\/revisions\/29143"}],"wp:featuredmedia":[{"embeddable":true,"href":"https:\/\/www.hugorodriguez.com\/blog\/wp-json\/wp\/v2\/media\/29122"}],"wp:attachment":[{"href":"https:\/\/www.hugorodriguez.com\/blog\/wp-json\/wp\/v2\/media?parent=29121"}],"wp:term":[{"taxonomy":"category","embeddable":true,"href":"https:\/\/www.hugorodriguez.com\/blog\/wp-json\/wp\/v2\/categories?post=29121"},{"taxonomy":"post_tag","embeddable":true,"href":"https:\/\/www.hugorodriguez.com\/blog\/wp-json\/wp\/v2\/tags?post=29121"}],"curies":[{"name":"wp","href":"https:\/\/api.w.org\/{rel}","templated":true}]}}