{"id":28440,"date":"2024-04-04T10:33:41","date_gmt":"2024-04-04T08:33:41","guid":{"rendered":"https:\/\/www.hugorodriguez.com\/blog\/?p=28440"},"modified":"2024-04-04T10:46:09","modified_gmt":"2024-04-04T08:46:09","slug":"28440","status":"publish","type":"post","link":"https:\/\/www.hugorodriguez.com\/blog\/2024\/04\/28440\/","title":{"rendered":"Workshop de fotograf\u00eda e-Commerce | BCN Workshops | 21-22\/4 BCN"},"content":{"rendered":"<p><a href=\"https:\/\/barcelonaworkshops.net\/workshops\/#E-COMMERCE\"><img loading=\"lazy\" decoding=\"async\" class=\"aligncenter wp-image-28441 size-full\" src=\"https:\/\/www.hugorodriguez.com\/blog\/wp-content\/uploads\/2024\/04\/Fotografia-para-e-commerce-02-crop.jpg\" alt=\"\" width=\"600\" height=\"325\" srcset=\"https:\/\/www.hugorodriguez.com\/blog\/wp-content\/uploads\/2024\/04\/Fotografia-para-e-commerce-02-crop.jpg 600w, https:\/\/www.hugorodriguez.com\/blog\/wp-content\/uploads\/2024\/04\/Fotografia-para-e-commerce-02-crop-80x43.jpg 80w, https:\/\/www.hugorodriguez.com\/blog\/wp-content\/uploads\/2024\/04\/Fotografia-para-e-commerce-02-crop-500x271.jpg 500w, https:\/\/www.hugorodriguez.com\/blog\/wp-content\/uploads\/2024\/04\/Fotografia-para-e-commerce-02-crop-450x244.jpg 450w\" sizes=\"auto, (max-width: 600px) 100vw, 600px\" \/><\/a><\/p>\n<p>Las im\u00e1genes son un elemento clave en una estrategia de ventas, ya que gracias a ello puedes mostrar las cualidades de tus art\u00edculos. En este Workshop concentrado de dos dias conocer\u00e1s qu\u00e9 equipo necesitas y cu\u00e1l es imprescindible sin tener que gastarte mucho dinero. Todo ello\u00a0<strong>adaptado para cada uno de los estilos de fotograf\u00eda que vas a tener que realizar<\/strong><strong>.\u00a0\u00a0<\/strong>Aprender\u00e1s a realizar una sesi\u00f3n de fotograf\u00eda de producto desde cero y a editarla con softwares como Photoshop y Capture One.<\/p>\n<p>El curso es compartido entre <a href=\"http:\/\/www.isarrualde.com\/\" target=\"_blank\" rel=\"noopener\">Marcelo Isarrualde<\/a>, quien se encargar\u00e1 de toda la parte de iluminaci\u00f3n y estudio y yo mismo, que explicar\u00e9 la parte de procesado de im\u00e1genes.<\/p>\n<h3 style=\"text-align: center;\">A QUIEN VA DIRIGIDO<\/h3>\n<p>A fot\u00f3grafos profesionales, aficionados a la fotograf\u00eda, emprendedores que vendan productos \u201con line\u201d o cualquier persona con ganas de aprender de una forma simple y contundente a fotografiar productos y mejorar su visualizaci\u00f3n con un acabado profesional.<\/p>\n<p>Este taller de fotograf\u00eda no se enfoca en los conceptos b\u00e1sicos de fotograf\u00eda, ya que est\u00e1 dise\u00f1ado para personas que cuentan con cierta experiencia en el sector.<\/p>\n<h3 style=\"text-align: center;\">TEMARIO<\/h3>\n<p><strong>Reglas de la fotograf\u00eda de producto<\/strong>\u00a0(Marcelo)<\/p>\n<ul>\n<li>Equilibrio entre tiempo y calidad<\/li>\n<li>\u00bfQu\u00e9 hacer en la sesi\u00f3n y qu\u00e9 dejar para posproducci\u00f3n?<\/li>\n<\/ul>\n<p><strong>Fotograf\u00eda de producto<\/strong><\/p>\n<ul>\n<li>Ajustes de c\u00e1mara<\/li>\n<li>Objetivos adecuados<\/li>\n<li>Composici\u00f3n<\/li>\n<li>Disparo con Capture One y disparo en tethering<\/li>\n<li>Accesorios de iluminaci\u00f3n<\/li>\n<li>Bodeg\u00f3n con luz natural versus luz de estudio<\/li>\n<\/ul>\n<p><strong>Sesi\u00f3n fotogr\u00e1fica en estudio<\/strong><\/p>\n<ul>\n<li>Organizaci\u00f3n de los productos<\/li>\n<li>Esquemas de iluminaci\u00f3n<\/li>\n<li>Enfoque<\/li>\n<li>Exposici\u00f3n<\/li>\n<li>C\u00f3mo sujetar el producto<\/li>\n<li>Elementos opacos con textura<\/li>\n<li>Metales planos<\/li>\n<li>Metales de simple curvatura<\/li>\n<li>Cristales y l\u00edquidos<\/li>\n<li>Producto fotografiado en diferentes tomas para unir en Photoshop<\/li>\n<\/ul>\n<p><strong>Edici\u00f3n y retoque<\/strong>\u00a0(Hugo)<\/p>\n<ul>\n<li>Corregir fugas y geometr\u00eda de la imagen<\/li>\n<li>Eliminar imperfecciones del producto<\/li>\n<li>Conseguir un fondo blanco correcto<\/li>\n<li>Correcciones de luminosidad y contraste<\/li>\n<li>Corregir dominantes y colores puntuales<\/li>\n<li>Espacios de color recomendados para impresi\u00f3n y web<\/li>\n<li>Formatos de salida y optimizaci\u00f3n para web<\/li>\n<li>C\u00f3mo enviar los trabajos<\/li>\n<\/ul>\n<p>&nbsp;<\/p>\n<p><a href=\"http:\/\/www.isarrualde.com\/\" target=\"_blank\" rel=\"noopener\">Marcelo Isarrualde<\/a>\u00a0es fot\u00f3grafo con ampl\u00edsima experiencia en publicidad, moda, producto y reproducciones de obras. Tiene muchos a\u00f1os de experiencia como formador en multitud de escuelas como GrisArt o IDEP y universidades a nivel nacional e internacional, incluyendo la NY School of Photography.<\/p>\n<p>Se celebrar\u00e1\u00a0el fin de semana del 21 y 22 de abril. La\u00a0<strong>fecha limite<\/strong>\u00a0para apuntarse\u00a0(via\u00a0<a href=\"http:\/\/barcelonaworkshops.net\/\" target=\"_blank\" rel=\"noopener\">contacto directo<\/a>) es el\u00a0<strong>martes 16\/4<\/strong>. Tiene una duraci\u00f3n de 15h.\u00a0<a href=\"https:\/\/maps.app.goo.gl\/db4TjW7gp1uy81w79\" target=\"_blank\" rel=\"noopener\">Como llegar<\/a>.\u00a0Te esperamos!<\/p>\n<p>Si te interesa, solicita m\u00e1s informaci\u00f3n directamente en BCN Workshops<\/p>\n<div  class='avia-button-wrap av-4dbb93-d0f35f03a80c3d26cd3c1f9f0cd4d35a-wrap avia-button-center  avia-builder-el-0  avia-builder-el-no-sibling '><a href='https:\/\/barcelonaworkshops.net\/contacto\/'  class='avia-button av-4dbb93-d0f35f03a80c3d26cd3c1f9f0cd4d35a av-link-btn avia-icon_select-yes-right-icon avia-size-large avia-position-center av-icon-on-hover avia-color-theme-color'  target=\"_blank\"  rel=\"noopener noreferrer\"  aria-label=\"QUIERO SABER MAS\"><span class='avia_iconbox_title' >QUIERO SABER MAS<\/span><span class='avia_button_icon avia_button_icon_right avia-iconfont avia-font-entypo-fontello' data-av_icon='\ue832' data-av_iconfont='entypo-fontello' ><\/span><\/a><\/div>\n<p>&nbsp;<\/p>\n","protected":false},"excerpt":{"rendered":"<p>Las im\u00e1genes son un elemento clave en una estrategia de ventas, ya que gracias a ello puedes mostrar las cualidades de tus art\u00edculos. En este Workshop concentrado de dos dias conocer\u00e1s qu\u00e9 equipo necesitas y cu\u00e1l es imprescindible sin tener que gastarte mucho dinero. Todo ello\u00a0adaptado para cada uno de los estilos de fotograf\u00eda que [&hellip;]<\/p>\n","protected":false},"author":1,"featured_media":28441,"comment_status":"open","ping_status":"closed","sticky":false,"template":"","format":"standard","meta":{"footnotes":""},"categories":[63,1],"tags":[54,33,212,11,7,78,119],"class_list":["post-28440","post","type-post","status-publish","format-standard","has-post-thumbnail","hentry","category-cursos","category-tecnica","tag-barcelona","tag-captura-digital","tag-e-commerce","tag-gestion-color","tag-raw","tag-revelado","tag-workshops"],"_links":{"self":[{"href":"https:\/\/www.hugorodriguez.com\/blog\/wp-json\/wp\/v2\/posts\/28440","targetHints":{"allow":["GET"]}}],"collection":[{"href":"https:\/\/www.hugorodriguez.com\/blog\/wp-json\/wp\/v2\/posts"}],"about":[{"href":"https:\/\/www.hugorodriguez.com\/blog\/wp-json\/wp\/v2\/types\/post"}],"author":[{"embeddable":true,"href":"https:\/\/www.hugorodriguez.com\/blog\/wp-json\/wp\/v2\/users\/1"}],"replies":[{"embeddable":true,"href":"https:\/\/www.hugorodriguez.com\/blog\/wp-json\/wp\/v2\/comments?post=28440"}],"version-history":[{"count":4,"href":"https:\/\/www.hugorodriguez.com\/blog\/wp-json\/wp\/v2\/posts\/28440\/revisions"}],"predecessor-version":[{"id":28445,"href":"https:\/\/www.hugorodriguez.com\/blog\/wp-json\/wp\/v2\/posts\/28440\/revisions\/28445"}],"wp:featuredmedia":[{"embeddable":true,"href":"https:\/\/www.hugorodriguez.com\/blog\/wp-json\/wp\/v2\/media\/28441"}],"wp:attachment":[{"href":"https:\/\/www.hugorodriguez.com\/blog\/wp-json\/wp\/v2\/media?parent=28440"}],"wp:term":[{"taxonomy":"category","embeddable":true,"href":"https:\/\/www.hugorodriguez.com\/blog\/wp-json\/wp\/v2\/categories?post=28440"},{"taxonomy":"post_tag","embeddable":true,"href":"https:\/\/www.hugorodriguez.com\/blog\/wp-json\/wp\/v2\/tags?post=28440"}],"curies":[{"name":"wp","href":"https:\/\/api.w.org\/{rel}","templated":true}]}}