{"id":2785,"date":"2015-12-15T11:09:51","date_gmt":"2015-12-15T10:09:51","guid":{"rendered":"http:\/\/www.hugorodriguez.com\/blog\/?p=2785"},"modified":"2015-12-15T11:20:51","modified_gmt":"2015-12-15T10:20:51","slug":"sw2700pt-el-nuevo-monitor-hi-end-de-27-de-benq-review","status":"publish","type":"post","link":"https:\/\/www.hugorodriguez.com\/blog\/2015\/12\/sw2700pt-el-nuevo-monitor-hi-end-de-27-de-benq-review\/","title":{"rendered":"SW2700PT, el nuevo monitor hi-end de 27&#8243; de BenQ, Review."},"content":{"rendered":"<p><a href=\"http:\/\/www.hugorodriguez.com\/blog\/wp-content\/uploads\/2015\/12\/BenQ-SW2700PT-02.jpg\"><img loading=\"lazy\" decoding=\"async\" class=\"size-medium wp-image-2776 aligncenter\" src=\"http:\/\/www.hugorodriguez.com\/blog\/wp-content\/uploads\/2015\/12\/BenQ-SW2700PT-02-500x475.jpg\" alt=\"BenQ SW2700PT 02\" width=\"500\" height=\"475\" srcset=\"https:\/\/www.hugorodriguez.com\/blog\/wp-content\/uploads\/2015\/12\/BenQ-SW2700PT-02-500x475.jpg 500w, https:\/\/www.hugorodriguez.com\/blog\/wp-content\/uploads\/2015\/12\/BenQ-SW2700PT-02-450x428.jpg 450w, https:\/\/www.hugorodriguez.com\/blog\/wp-content\/uploads\/2015\/12\/BenQ-SW2700PT-02-705x669.jpg 705w, https:\/\/www.hugorodriguez.com\/blog\/wp-content\/uploads\/2015\/12\/BenQ-SW2700PT-02.jpg 800w\" sizes=\"auto, (max-width: 500px) 100vw, 500px\" \/><\/a><\/p>\n<p>&nbsp;<\/p>\n<p>Este fabricante ha destacado por sus monitores con precios muy competitivos, pero si hablamos de monitores de gama alta, los fot\u00f3grafos estamos m\u00e1s familiarizados con nombres como NEC, EIZO o, m\u00e1s recientemente, DELL.<\/p>\n<p>Pues bien, BenQ ha visto una oportunidad de mercado interesante en el segmento high-end y ha querido aprovecharla. Parece cierto que la fotograf\u00eda sigue su \u2018boom\u2019 y cada vez se demandan m\u00e1s pantallas de gama alta, que ofrecen unos niveles de calidad muy altos y a precios por debajo de 600\u20ac, algo impensable hace pocos a\u00f1os&#8230;<\/p>\n<p>Lee el review completo:\u00a0<a title=\"BenQ SW2700PT, el nuevo \u2018kid on the block\u2019 de los monitores hi-end\" href=\"http:\/\/www.hugorodriguez.com\/blog\/reviews\/benq-sw2700pt-el-nuevo-kid-on-the-block-monitores-hi-end\/\">http:\/\/www.hugorodriguez.com\/blog\/reviews\/benq-sw2700pt-el-nuevo-kid-on-the-block-monitores-hi-end\/<\/a><\/p>\n","protected":false},"excerpt":{"rendered":"<p>&nbsp; Este fabricante ha destacado por sus monitores con precios muy competitivos, pero si hablamos de monitores de gama alta, los fot\u00f3grafos estamos m\u00e1s familiarizados con nombres como NEC, EIZO o, m\u00e1s recientemente, DELL. Pues bien, BenQ ha visto una oportunidad de mercado interesante en el segmento high-end y ha querido aprovecharla. Parece cierto que [&hellip;]<\/p>\n","protected":false},"author":1,"featured_media":2776,"comment_status":"open","ping_status":"closed","sticky":false,"template":"","format":"standard","meta":{"footnotes":""},"categories":[16,81],"tags":[150,23,11],"class_list":["post-2785","post","type-post","status-publish","format-standard","has-post-thumbnail","hentry","category-monitores","category-news","tag-benq","tag-calibracion","tag-gestion-color"],"_links":{"self":[{"href":"https:\/\/www.hugorodriguez.com\/blog\/wp-json\/wp\/v2\/posts\/2785","targetHints":{"allow":["GET"]}}],"collection":[{"href":"https:\/\/www.hugorodriguez.com\/blog\/wp-json\/wp\/v2\/posts"}],"about":[{"href":"https:\/\/www.hugorodriguez.com\/blog\/wp-json\/wp\/v2\/types\/post"}],"author":[{"embeddable":true,"href":"https:\/\/www.hugorodriguez.com\/blog\/wp-json\/wp\/v2\/users\/1"}],"replies":[{"embeddable":true,"href":"https:\/\/www.hugorodriguez.com\/blog\/wp-json\/wp\/v2\/comments?post=2785"}],"version-history":[{"count":1,"href":"https:\/\/www.hugorodriguez.com\/blog\/wp-json\/wp\/v2\/posts\/2785\/revisions"}],"predecessor-version":[{"id":2786,"href":"https:\/\/www.hugorodriguez.com\/blog\/wp-json\/wp\/v2\/posts\/2785\/revisions\/2786"}],"wp:featuredmedia":[{"embeddable":true,"href":"https:\/\/www.hugorodriguez.com\/blog\/wp-json\/wp\/v2\/media\/2776"}],"wp:attachment":[{"href":"https:\/\/www.hugorodriguez.com\/blog\/wp-json\/wp\/v2\/media?parent=2785"}],"wp:term":[{"taxonomy":"category","embeddable":true,"href":"https:\/\/www.hugorodriguez.com\/blog\/wp-json\/wp\/v2\/categories?post=2785"},{"taxonomy":"post_tag","embeddable":true,"href":"https:\/\/www.hugorodriguez.com\/blog\/wp-json\/wp\/v2\/tags?post=2785"}],"curies":[{"name":"wp","href":"https:\/\/api.w.org\/{rel}","templated":true}]}}