{"id":2741,"date":"2015-11-15T17:25:22","date_gmt":"2015-11-15T16:25:22","guid":{"rendered":"http:\/\/www.hugorodriguez.com\/blog\/?p=2741"},"modified":"2015-11-15T21:29:20","modified_gmt":"2015-11-15T20:29:20","slug":"a-punto-de-empezar-el-1er-congreso-internacional-de-fotografia-en-la-republica-dominicana","status":"publish","type":"post","link":"https:\/\/www.hugorodriguez.com\/blog\/2015\/11\/a-punto-de-empezar-el-1er-congreso-internacional-de-fotografia-en-la-republica-dominicana\/","title":{"rendered":"A punto de empezar el 1er CONGRESO INTERNACIONAL DE FOTOGRAFIA en la Rep\u00fablica Dominicana"},"content":{"rendered":"<p><a href=\"http:\/\/www.facebook.com\/asofoci.fotografos\"><img loading=\"lazy\" decoding=\"async\" class=\"aligncenter wp-image-2742 size-full\" src=\"http:\/\/www.hugorodriguez.com\/blog\/wp-content\/uploads\/2015\/11\/Congreso-ASOFOCI-Republica-dominicana-p2.jpg\" alt=\"Congreso-ASOFOCI-Republica dominicana-p2\" width=\"600\" height=\"887\" srcset=\"https:\/\/www.hugorodriguez.com\/blog\/wp-content\/uploads\/2015\/11\/Congreso-ASOFOCI-Republica-dominicana-p2.jpg 600w, https:\/\/www.hugorodriguez.com\/blog\/wp-content\/uploads\/2015\/11\/Congreso-ASOFOCI-Republica-dominicana-p2-450x665.jpg 450w, https:\/\/www.hugorodriguez.com\/blog\/wp-content\/uploads\/2015\/11\/Congreso-ASOFOCI-Republica-dominicana-p2-338x500.jpg 338w, https:\/\/www.hugorodriguez.com\/blog\/wp-content\/uploads\/2015\/11\/Congreso-ASOFOCI-Republica-dominicana-p2-541x800.jpg 541w, https:\/\/www.hugorodriguez.com\/blog\/wp-content\/uploads\/2015\/11\/Congreso-ASOFOCI-Republica-dominicana-p2-476x705.jpg 476w\" sizes=\"auto, (max-width: 600px) 100vw, 600px\" \/><\/a><\/p>\n<p>Os\u00a0recuerdo que esta semana comienza, al fin, el 1er CONGRESO INTERNACIONAL DE FOTOGRAFIA en la Rep\u00fablica Dominicana. Si quieres conocer de 1\u00aa mano a algunos de los mejores expertos internacionales de centroam\u00e9rica, no te lo pierdas.<\/p>\n<p>Yo tendr\u00e9 el gusto de participar y explicar los entresijos del mundo del color, y su gesti\u00f3n.<br \/>\nEs una oportunidad unica de una experiencia que quedara en el recuerdo, seguro. Nos vemos alli!<\/p>\n<p>Por cierto, a peticion popular se esta planificando un taller especial de procesado de RAW orientado a paisaje, y otro de gesti\u00f3n de color orientado a los laboratorios. Si te interesa, contacta con la organizaci\u00f3n!<\/p>\n<p><a href=\"http:\/\/www.hugorodriguez.com\/blog\/wp-content\/uploads\/2015\/11\/Cap-Favaritx.jpg\"><img loading=\"lazy\" decoding=\"async\" class=\"aligncenter wp-image-2746 size-full\" src=\"http:\/\/www.hugorodriguez.com\/blog\/wp-content\/uploads\/2015\/11\/Cap-Favaritx.jpg\" alt=\"Cap Favaritx\" width=\"800\" height=\"531\" srcset=\"https:\/\/www.hugorodriguez.com\/blog\/wp-content\/uploads\/2015\/11\/Cap-Favaritx.jpg 800w, https:\/\/www.hugorodriguez.com\/blog\/wp-content\/uploads\/2015\/11\/Cap-Favaritx-450x299.jpg 450w, https:\/\/www.hugorodriguez.com\/blog\/wp-content\/uploads\/2015\/11\/Cap-Favaritx-500x331.jpg 500w, https:\/\/www.hugorodriguez.com\/blog\/wp-content\/uploads\/2015\/11\/Cap-Favaritx-705x467.jpg 705w\" sizes=\"auto, (max-width: 800px) 100vw, 800px\" \/><\/a><\/p>\n","protected":false},"excerpt":{"rendered":"<p>Os\u00a0recuerdo que esta semana comienza, al fin, el 1er CONGRESO INTERNACIONAL DE FOTOGRAFIA en la Rep\u00fablica Dominicana. Si quieres conocer de 1\u00aa mano a algunos de los mejores expertos internacionales de centroam\u00e9rica, no te lo pierdas. Yo tendr\u00e9 el gusto de participar y explicar los entresijos del mundo del color, y su gesti\u00f3n. Es una [&hellip;]<\/p>\n","protected":false},"author":1,"featured_media":2742,"comment_status":"open","ping_status":"closed","sticky":false,"template":"","format":"standard","meta":{"_uag_custom_page_level_css":"","footnotes":""},"categories":[63,81],"tags":[23,20,11,119],"class_list":["post-2741","post","type-post","status-publish","format-standard","has-post-thumbnail","hentry","category-cursos","category-news","tag-calibracion","tag-conferencias","tag-gestion-color","tag-workshops"],"uagb_featured_image_src":{"full":["https:\/\/www.hugorodriguez.com\/blog\/wp-content\/uploads\/2015\/11\/Congreso-ASOFOCI-Republica-dominicana-p2.jpg",600,887,false],"thumbnail":["https:\/\/www.hugorodriguez.com\/blog\/wp-content\/uploads\/2015\/11\/Congreso-ASOFOCI-Republica-dominicana-p2-250x250.jpg",80,80,true],"medium":["https:\/\/www.hugorodriguez.com\/blog\/wp-content\/uploads\/2015\/11\/Congreso-ASOFOCI-Republica-dominicana-p2-338x500.jpg",338,500,true],"medium_large":["https:\/\/www.hugorodriguez.com\/blog\/wp-content\/uploads\/2015\/11\/Congreso-ASOFOCI-Republica-dominicana-p2.jpg",600,887,false],"large":["https:\/\/www.hugorodriguez.com\/blog\/wp-content\/uploads\/2015\/11\/Congreso-ASOFOCI-Republica-dominicana-p2-541x800.jpg",541,800,true],"1536x1536":["https:\/\/www.hugorodriguez.com\/blog\/wp-content\/uploads\/2015\/11\/Congreso-ASOFOCI-Republica-dominicana-p2.jpg",600,887,false],"2048x2048":["https:\/\/www.hugorodriguez.com\/blog\/wp-content\/uploads\/2015\/11\/Congreso-ASOFOCI-Republica-dominicana-p2.jpg",600,887,false],"widget":["https:\/\/www.hugorodriguez.com\/blog\/wp-content\/uploads\/2015\/11\/Congreso-ASOFOCI-Republica-dominicana-p2-36x36.jpg",36,36,true],"square":["https:\/\/www.hugorodriguez.com\/blog\/wp-content\/uploads\/2015\/11\/Congreso-ASOFOCI-Republica-dominicana-p2-180x180.jpg",180,180,true],"featured":["https:\/\/www.hugorodriguez.com\/blog\/wp-content\/uploads\/2015\/11\/Congreso-ASOFOCI-Republica-dominicana-p2-600x430.jpg",600,430,true],"featured_large":["https:\/\/www.hugorodriguez.com\/blog\/wp-content\/uploads\/2015\/11\/Congreso-ASOFOCI-Republica-dominicana-p2-600x630.jpg",600,630,true],"extra_large":["https:\/\/www.hugorodriguez.com\/blog\/wp-content\/uploads\/2015\/11\/Congreso-ASOFOCI-Republica-dominicana-p2.jpg",600,887,false],"portfolio":["https:\/\/www.hugorodriguez.com\/blog\/wp-content\/uploads\/2015\/11\/Congreso-ASOFOCI-Republica-dominicana-p2-495x400.jpg",495,400,true],"portfolio_small":["https:\/\/www.hugorodriguez.com\/blog\/wp-content\/uploads\/2015\/11\/Congreso-ASOFOCI-Republica-dominicana-p2-260x185.jpg",260,185,true],"gallery":["https:\/\/www.hugorodriguez.com\/blog\/wp-content\/uploads\/2015\/11\/Congreso-ASOFOCI-Republica-dominicana-p2-600x575.jpg",600,575,true],"magazine":["https:\/\/www.hugorodriguez.com\/blog\/wp-content\/uploads\/2015\/11\/Congreso-ASOFOCI-Republica-dominicana-p2-600x375.jpg",600,375,true],"masonry":["https:\/\/www.hugorodriguez.com\/blog\/wp-content\/uploads\/2015\/11\/Congreso-ASOFOCI-Republica-dominicana-p2-476x705.jpg",476,705,true],"entry_with_sidebar":["https:\/\/www.hugorodriguez.com\/blog\/wp-content\/uploads\/2015\/11\/Congreso-ASOFOCI-Republica-dominicana-p2-600x270.jpg",600,270,true],"entry_without_sidebar":["https:\/\/www.hugorodriguez.com\/blog\/wp-content\/uploads\/2015\/11\/Congreso-ASOFOCI-Republica-dominicana-p2-600x360.jpg",600,360,true]},"uagb_author_info":{"display_name":"Hugo Rodr\u00edguez","author_link":"https:\/\/www.hugorodriguez.com\/blog\/author\/hurodal_blog\/"},"uagb_comment_info":0,"uagb_excerpt":"Os\u00a0recuerdo que esta semana comienza, al fin, el 1er CONGRESO INTERNACIONAL DE FOTOGRAFIA en la Rep\u00fablica Dominicana. Si quieres conocer de 1\u00aa mano a algunos de los mejores expertos internacionales de centroam\u00e9rica, no te lo pierdas. Yo tendr\u00e9 el gusto de participar y explicar los entresijos del mundo del color, y su gesti\u00f3n. Es una&hellip;","_links":{"self":[{"href":"https:\/\/www.hugorodriguez.com\/blog\/wp-json\/wp\/v2\/posts\/2741","targetHints":{"allow":["GET"]}}],"collection":[{"href":"https:\/\/www.hugorodriguez.com\/blog\/wp-json\/wp\/v2\/posts"}],"about":[{"href":"https:\/\/www.hugorodriguez.com\/blog\/wp-json\/wp\/v2\/types\/post"}],"author":[{"embeddable":true,"href":"https:\/\/www.hugorodriguez.com\/blog\/wp-json\/wp\/v2\/users\/1"}],"replies":[{"embeddable":true,"href":"https:\/\/www.hugorodriguez.com\/blog\/wp-json\/wp\/v2\/comments?post=2741"}],"version-history":[{"count":3,"href":"https:\/\/www.hugorodriguez.com\/blog\/wp-json\/wp\/v2\/posts\/2741\/revisions"}],"predecessor-version":[{"id":2747,"href":"https:\/\/www.hugorodriguez.com\/blog\/wp-json\/wp\/v2\/posts\/2741\/revisions\/2747"}],"wp:featuredmedia":[{"embeddable":true,"href":"https:\/\/www.hugorodriguez.com\/blog\/wp-json\/wp\/v2\/media\/2742"}],"wp:attachment":[{"href":"https:\/\/www.hugorodriguez.com\/blog\/wp-json\/wp\/v2\/media?parent=2741"}],"wp:term":[{"taxonomy":"category","embeddable":true,"href":"https:\/\/www.hugorodriguez.com\/blog\/wp-json\/wp\/v2\/categories?post=2741"},{"taxonomy":"post_tag","embeddable":true,"href":"https:\/\/www.hugorodriguez.com\/blog\/wp-json\/wp\/v2\/tags?post=2741"}],"curies":[{"name":"wp","href":"https:\/\/api.w.org\/{rel}","templated":true}]}}