{"id":266,"date":"2014-05-19T15:30:32","date_gmt":"2014-05-19T14:30:32","guid":{"rendered":"http:\/\/www.hugorodriguez.com\/blog\/?p=266"},"modified":"2014-10-20T22:21:24","modified_gmt":"2014-10-20T21:21:24","slug":"panoramica-en-el-palacio-de-congresos-de-vitoria-black-kamera","status":"publish","type":"post","link":"https:\/\/www.hugorodriguez.com\/blog\/2014\/05\/panoramica-en-el-palacio-de-congresos-de-vitoria-black-kamera\/","title":{"rendered":"Panor\u00e1mica en el palacio de Congresos de Vitoria &#8211; Black Kamera"},"content":{"rendered":"<p>Aprovechando mi estancia en Vitoria recientemente para impartir un workshop con\u00a0<a href=\"http:\/\/www.blackkamera.com\" data-hovercard=\"\/ajax\/hovercard\/page.php?id=383553075005125\">Black Kamera<\/a>\u00a0pude disfrutar de un [breve] rato para tomar unas cuantas &#8216;panos&#8217; en el espectacular Palacio de congresos. Realmente un sitio impresionante!<br \/>\nLo que\u00a0ves aqu\u00ed es un recorte de la panor\u00e1mica esf\u00e9rica completa de 360\u00ba x 180\u00ba, que aproximadamente abarca unos 280\u00ba horizontales.<\/p>\n<p>Debido al alto contraste, tuve que hacer disparos en bracketing y combinarlos para obtener un resultado natural.<\/p>\n","protected":false},"excerpt":{"rendered":"<p>Aprovechando mi estancia en Vitoria recientemente para impartir un workshop con\u00a0Black Kamera\u00a0pude disfrutar de un [breve] rato para tomar unas cuantas &#8216;panos&#8217; en el espectacular Palacio de congresos. Realmente un sitio impresionante! Lo que\u00a0ves aqu\u00ed es un recorte de la panor\u00e1mica esf\u00e9rica completa de 360\u00ba x 180\u00ba, que aproximadamente abarca unos 280\u00ba horizontales. Debido al [&hellip;]<\/p>\n","protected":false},"author":1,"featured_media":267,"comment_status":"open","ping_status":"closed","sticky":false,"template":"","format":"standard","meta":{"_uag_custom_page_level_css":"","footnotes":""},"categories":[120],"tags":[240,60],"class_list":["post-266","post","type-post","status-publish","format-standard","has-post-thumbnail","hentry","category-fotos","tag-panoramicas","tag-vitoria"],"uagb_featured_image_src":{"full":["https:\/\/www.hugorodriguez.com\/blog\/wp-content\/uploads\/2014\/09\/2014-05-19-Pano-Palacio-congresos-Vitoria-B-crop2.jpg",1200,538,false],"thumbnail":["https:\/\/www.hugorodriguez.com\/blog\/wp-content\/uploads\/2014\/09\/2014-05-19-Pano-Palacio-congresos-Vitoria-B-crop2-250x250.jpg",80,80,true],"medium":["https:\/\/www.hugorodriguez.com\/blog\/wp-content\/uploads\/2014\/09\/2014-05-19-Pano-Palacio-congresos-Vitoria-B-crop2-500x224.jpg",500,224,true],"medium_large":["https:\/\/www.hugorodriguez.com\/blog\/wp-content\/uploads\/2014\/09\/2014-05-19-Pano-Palacio-congresos-Vitoria-B-crop2.jpg",768,344,false],"large":["https:\/\/www.hugorodriguez.com\/blog\/wp-content\/uploads\/2014\/09\/2014-05-19-Pano-Palacio-congresos-Vitoria-B-crop2-800x358.jpg",800,358,true],"1536x1536":["https:\/\/www.hugorodriguez.com\/blog\/wp-content\/uploads\/2014\/09\/2014-05-19-Pano-Palacio-congresos-Vitoria-B-crop2.jpg",1200,538,false],"2048x2048":["https:\/\/www.hugorodriguez.com\/blog\/wp-content\/uploads\/2014\/09\/2014-05-19-Pano-Palacio-congresos-Vitoria-B-crop2.jpg",1200,538,false],"widget":["https:\/\/www.hugorodriguez.com\/blog\/wp-content\/uploads\/2014\/09\/2014-05-19-Pano-Palacio-congresos-Vitoria-B-crop2-36x36.jpg",36,36,true],"square":["https:\/\/www.hugorodriguez.com\/blog\/wp-content\/uploads\/2014\/09\/2014-05-19-Pano-Palacio-congresos-Vitoria-B-crop2-180x180.jpg",180,180,true],"featured":["https:\/\/www.hugorodriguez.com\/blog\/wp-content\/uploads\/2014\/09\/2014-05-19-Pano-Palacio-congresos-Vitoria-B-crop2-1200x430.jpg",1200,430,true],"featured_large":["https:\/\/www.hugorodriguez.com\/blog\/wp-content\/uploads\/2014\/09\/2014-05-19-Pano-Palacio-congresos-Vitoria-B-crop2.jpg",1200,538,false],"extra_large":["https:\/\/www.hugorodriguez.com\/blog\/wp-content\/uploads\/2014\/09\/2014-05-19-Pano-Palacio-congresos-Vitoria-B-crop2.jpg",1200,538,false],"portfolio":["https:\/\/www.hugorodriguez.com\/blog\/wp-content\/uploads\/2014\/09\/2014-05-19-Pano-Palacio-congresos-Vitoria-B-crop2-495x400.jpg",495,400,true],"portfolio_small":["https:\/\/www.hugorodriguez.com\/blog\/wp-content\/uploads\/2014\/09\/2014-05-19-Pano-Palacio-congresos-Vitoria-B-crop2-260x185.jpg",260,185,true],"gallery":["https:\/\/www.hugorodriguez.com\/blog\/wp-content\/uploads\/2014\/09\/2014-05-19-Pano-Palacio-congresos-Vitoria-B-crop2-710x538.jpg",710,538,true],"magazine":["https:\/\/www.hugorodriguez.com\/blog\/wp-content\/uploads\/2014\/09\/2014-05-19-Pano-Palacio-congresos-Vitoria-B-crop2-710x375.jpg",710,375,true],"masonry":["https:\/\/www.hugorodriguez.com\/blog\/wp-content\/uploads\/2014\/09\/2014-05-19-Pano-Palacio-congresos-Vitoria-B-crop2-705x316.jpg",705,316,true],"entry_with_sidebar":["https:\/\/www.hugorodriguez.com\/blog\/wp-content\/uploads\/2014\/09\/2014-05-19-Pano-Palacio-congresos-Vitoria-B-crop2-710x270.jpg",710,270,true],"entry_without_sidebar":["https:\/\/www.hugorodriguez.com\/blog\/wp-content\/uploads\/2014\/09\/2014-05-19-Pano-Palacio-congresos-Vitoria-B-crop2-1030x360.jpg",1030,360,true]},"uagb_author_info":{"display_name":"Hugo Rodr\u00edguez","author_link":"https:\/\/www.hugorodriguez.com\/blog\/author\/hurodal_blog\/"},"uagb_comment_info":0,"uagb_excerpt":"Aprovechando mi estancia en Vitoria recientemente para impartir un workshop con\u00a0Black Kamera\u00a0pude disfrutar de un [breve] rato para tomar unas cuantas &#8216;panos&#8217; en el espectacular Palacio de congresos. Realmente un sitio impresionante! Lo que\u00a0ves aqu\u00ed es un recorte de la panor\u00e1mica esf\u00e9rica completa de 360\u00ba x 180\u00ba, que aproximadamente abarca unos 280\u00ba horizontales. Debido al&hellip;","_links":{"self":[{"href":"https:\/\/www.hugorodriguez.com\/blog\/wp-json\/wp\/v2\/posts\/266","targetHints":{"allow":["GET"]}}],"collection":[{"href":"https:\/\/www.hugorodriguez.com\/blog\/wp-json\/wp\/v2\/posts"}],"about":[{"href":"https:\/\/www.hugorodriguez.com\/blog\/wp-json\/wp\/v2\/types\/post"}],"author":[{"embeddable":true,"href":"https:\/\/www.hugorodriguez.com\/blog\/wp-json\/wp\/v2\/users\/1"}],"replies":[{"embeddable":true,"href":"https:\/\/www.hugorodriguez.com\/blog\/wp-json\/wp\/v2\/comments?post=266"}],"version-history":[{"count":5,"href":"https:\/\/www.hugorodriguez.com\/blog\/wp-json\/wp\/v2\/posts\/266\/revisions"}],"predecessor-version":[{"id":1365,"href":"https:\/\/www.hugorodriguez.com\/blog\/wp-json\/wp\/v2\/posts\/266\/revisions\/1365"}],"wp:featuredmedia":[{"embeddable":true,"href":"https:\/\/www.hugorodriguez.com\/blog\/wp-json\/wp\/v2\/media\/267"}],"wp:attachment":[{"href":"https:\/\/www.hugorodriguez.com\/blog\/wp-json\/wp\/v2\/media?parent=266"}],"wp:term":[{"taxonomy":"category","embeddable":true,"href":"https:\/\/www.hugorodriguez.com\/blog\/wp-json\/wp\/v2\/categories?post=266"},{"taxonomy":"post_tag","embeddable":true,"href":"https:\/\/www.hugorodriguez.com\/blog\/wp-json\/wp\/v2\/tags?post=266"}],"curies":[{"name":"wp","href":"https:\/\/api.w.org\/{rel}","templated":true}]}}