{"id":2596,"date":"2015-10-15T11:08:59","date_gmt":"2015-10-15T10:08:59","guid":{"rendered":"http:\/\/www.hugorodriguez.com\/blog\/?p=2596"},"modified":"2015-10-15T12:00:18","modified_gmt":"2015-10-15T11:00:18","slug":"nuevo-imac-pantalla-dpi-p3","status":"publish","type":"post","link":"https:\/\/www.hugorodriguez.com\/blog\/2015\/10\/nuevo-imac-pantalla-dpi-p3\/","title":{"rendered":"Nuevo iMac con pantalla de gama de color DCI-P3"},"content":{"rendered":"<p style=\"text-align: center;\"><a href=\"http:\/\/www.hugorodriguez.com\/blog\/wp-content\/uploads\/2015\/10\/Apple-iMac-5K-crop-p.jpg\"><img loading=\"lazy\" decoding=\"async\" class=\"alignnone size-medium wp-image-2597\" src=\"http:\/\/www.hugorodriguez.com\/blog\/wp-content\/uploads\/2015\/10\/Apple-iMac-5K-crop-p-450x500.jpg\" alt=\"Apple iMac 5K crop-p\" width=\"450\" height=\"500\" srcset=\"https:\/\/www.hugorodriguez.com\/blog\/wp-content\/uploads\/2015\/10\/Apple-iMac-5K-crop-p-450x500.jpg 450w, https:\/\/www.hugorodriguez.com\/blog\/wp-content\/uploads\/2015\/10\/Apple-iMac-5K-crop-p-634x705.jpg 634w, https:\/\/www.hugorodriguez.com\/blog\/wp-content\/uploads\/2015\/10\/Apple-iMac-5K-crop-p.jpg 720w\" sizes=\"auto, (max-width: 450px) 100vw, 450px\" \/><\/a><\/p>\n<p>Me entero via <a href=\"http:\/\/www.fotochismes.com\/2015\/10\/14\/eramos-pocos-y-aparecio-el-dci-p3-un-nuevo-espacio-de-color-que-no-es-nuevo-y-los-imac-van-a-por-el\/\" target=\"_blank\">Fotochismes<\/a> que Apple acaba de lanzar un <a href=\"http:\/\/www.apple.com\/es\/imac\/design\/\" target=\"_blank\">nuevo iMac<\/a> con una pantalla 5K que tiene una gama de color que se ajusta al est\u00e1ndar DCI-P3.\u00a0El estandar DCI-P3 es parecido al Adobe RGB, solo que sacrifica algo de verdes en pro de mas rojos. Es un est\u00e1ndar orientado a proyectores de salas de cine, mientras que el Adobe, a copias impresas.<\/p>\n<p>El iMac no me parece un equipo que destaque a la hora de editar video 4K por sus limitadas opciones de disco duro ni por potencia gr\u00e1fica, con lo que no le acabo de \u00abpillar el punto\u00bb a eso de que ahora su pantalla es \u00abDCI-P3\u00bb en vez de Adobe. De hecho, muchas pantallas actuales de \u00abgama Adobe\u00bb andan a medio camino entre este y el P3&#8230;<\/p>\n<p>\u00bfSera porque el Adobe ya est\u00e1 muy visto y el P3 es mas nuevo y &#8216;mola&#8217; mas? Ni idea. Me alegra que Apple haya dado por primera vez el salto a una gama de color m\u00e1s amplia (ya era hora!), pero que -quiz\u00e1s con la intenci\u00f3n de destacar m\u00e1s- la llame de otra forma, no se si me acaba de gustar. Queda por ver si realmente la gama de color de esta pantalla se ajusta a la perfecci\u00f3n al DCI-P3 (en ese caso me callo) o es similar a las ya existentes (en ese caso, reafirmo mi cr\u00edtica).<\/p>\n<p>Lo que s\u00ed que me ha gustado es que en esta pantalla se usan LEDs RGB en vez de los t\u00edpicos blancos. Como mi antigua NEC Reference 2180 o mi portatil <a href=\"http:\/\/www.hugorodriguez.com\/index_review-dell-m4600.php\">DELL M4600<\/a>, vaya ;-)<\/p>\n","protected":false},"excerpt":{"rendered":"<p>Me entero via Fotochismes que Apple acaba de lanzar un nuevo iMac con una pantalla 5K que tiene una gama de color que se ajusta al est\u00e1ndar DCI-P3.\u00a0El estandar DCI-P3 es parecido al Adobe RGB, solo que sacrifica algo de verdes en pro de mas rojos. Es un est\u00e1ndar orientado a proyectores de salas de [&hellip;]<\/p>\n","protected":false},"author":1,"featured_media":2597,"comment_status":"open","ping_status":"closed","sticky":false,"template":"","format":"standard","meta":{"footnotes":""},"categories":[28,81],"tags":[66,11,234],"class_list":["post-2596","post","type-post","status-publish","format-standard","has-post-thumbnail","hentry","category-equipo","category-news","tag-apple","tag-gestion-color","tag-monitores"],"_links":{"self":[{"href":"https:\/\/www.hugorodriguez.com\/blog\/wp-json\/wp\/v2\/posts\/2596","targetHints":{"allow":["GET"]}}],"collection":[{"href":"https:\/\/www.hugorodriguez.com\/blog\/wp-json\/wp\/v2\/posts"}],"about":[{"href":"https:\/\/www.hugorodriguez.com\/blog\/wp-json\/wp\/v2\/types\/post"}],"author":[{"embeddable":true,"href":"https:\/\/www.hugorodriguez.com\/blog\/wp-json\/wp\/v2\/users\/1"}],"replies":[{"embeddable":true,"href":"https:\/\/www.hugorodriguez.com\/blog\/wp-json\/wp\/v2\/comments?post=2596"}],"version-history":[{"count":4,"href":"https:\/\/www.hugorodriguez.com\/blog\/wp-json\/wp\/v2\/posts\/2596\/revisions"}],"predecessor-version":[{"id":2601,"href":"https:\/\/www.hugorodriguez.com\/blog\/wp-json\/wp\/v2\/posts\/2596\/revisions\/2601"}],"wp:featuredmedia":[{"embeddable":true,"href":"https:\/\/www.hugorodriguez.com\/blog\/wp-json\/wp\/v2\/media\/2597"}],"wp:attachment":[{"href":"https:\/\/www.hugorodriguez.com\/blog\/wp-json\/wp\/v2\/media?parent=2596"}],"wp:term":[{"taxonomy":"category","embeddable":true,"href":"https:\/\/www.hugorodriguez.com\/blog\/wp-json\/wp\/v2\/categories?post=2596"},{"taxonomy":"post_tag","embeddable":true,"href":"https:\/\/www.hugorodriguez.com\/blog\/wp-json\/wp\/v2\/tags?post=2596"}],"curies":[{"name":"wp","href":"https:\/\/api.w.org\/{rel}","templated":true}]}}