{"id":2430,"date":"2015-05-05T12:17:53","date_gmt":"2015-05-05T11:17:53","guid":{"rendered":"http:\/\/www.hugorodriguez.com\/blog\/?p=2430"},"modified":"2015-05-05T14:33:50","modified_gmt":"2015-05-05T13:33:50","slug":"cronica-de-formentera-fotografica-2015","status":"publish","type":"post","link":"https:\/\/www.hugorodriguez.com\/blog\/2015\/05\/cronica-de-formentera-fotografica-2015\/","title":{"rendered":"Cr\u00f3nica de Formentera Fotogr\u00e1fica 2015"},"content":{"rendered":"<p style=\"text-align: center;\"><a href=\"http:\/\/www.hugorodriguez.com\/blog\/wp-content\/uploads\/2015\/05\/Pano-Arbol-Savina-nocturna-Ilum-Polar-C-sRGB.jpg\"><img loading=\"lazy\" decoding=\"async\" class=\"aligncenter wp-image-2449\" src=\"http:\/\/www.hugorodriguez.com\/blog\/wp-content\/uploads\/2015\/05\/Pano-Arbol-Savina-nocturna-Ilum-Polar-C-sRGB.jpg\" alt=\"\" width=\"800\" height=\"525\" srcset=\"https:\/\/www.hugorodriguez.com\/blog\/wp-content\/uploads\/2015\/05\/Pano-Arbol-Savina-nocturna-Ilum-Polar-C-sRGB.jpg 1200w, https:\/\/www.hugorodriguez.com\/blog\/wp-content\/uploads\/2015\/05\/Pano-Arbol-Savina-nocturna-Ilum-Polar-C-sRGB-450x295.jpg 450w, https:\/\/www.hugorodriguez.com\/blog\/wp-content\/uploads\/2015\/05\/Pano-Arbol-Savina-nocturna-Ilum-Polar-C-sRGB-500x327.jpg 500w, https:\/\/www.hugorodriguez.com\/blog\/wp-content\/uploads\/2015\/05\/Pano-Arbol-Savina-nocturna-Ilum-Polar-C-sRGB-800x524.jpg 800w, https:\/\/www.hugorodriguez.com\/blog\/wp-content\/uploads\/2015\/05\/Pano-Arbol-Savina-nocturna-Ilum-Polar-C-sRGB-705x462.jpg 705w\" sizes=\"auto, (max-width: 800px) 100vw, 800px\" \/><\/a><\/p>\n<p>Es martes y ya estoy de vuelta al trabajo diario, pero va a ser dif\u00edcil olvidar lo vivido este pasado fin de semana, ya que he tenido el privilegio de participar en el certamen <a href=\"http:\/\/www.formenterafotografica.com\" target=\"_blank\">Formentera Fotogr\u00e1fica 2015<\/a>. Si viajar hasta esa preciosa isla ya es algo para recordar, estar acompa\u00f1ado junto a grandes de la talla de Tino Soriano o Emilio Morenatti es para marcar en el calendario.<\/p>\n<p>La llegada se hace en avi\u00f3n hasta Ibiza, y ya desde el puerto se coge un ferry que en s\u00f3lo media hora te deja en Formentera. Una vez pones un pie en tierra, notas enseguida que las prisas y el estr\u00e9s de la gran ciudad es mejor dejarlas en el avi\u00f3n, porque aqu\u00ed todo es paz y tranquilidad. El ritmo al que transcurren las cosas es mucho m\u00e1s pausado\u00a0y se nota en la (poca) gente paseando por la calle.<\/p>\n<p><a href=\"http:\/\/www.hugorodriguez.com\/blog\/wp-content\/uploads\/2015\/05\/Formentera-fotografica-2015-01.jpg\"><img loading=\"lazy\" decoding=\"async\" class=\"aligncenter size-large wp-image-2440\" src=\"http:\/\/www.hugorodriguez.com\/blog\/wp-content\/uploads\/2015\/05\/Formentera-fotografica-2015-01-800x178.jpg\" alt=\"Formentera fotografica 2015 01\" width=\"800\" height=\"178\" srcset=\"https:\/\/www.hugorodriguez.com\/blog\/wp-content\/uploads\/2015\/05\/Formentera-fotografica-2015-01-800x178.jpg 800w, https:\/\/www.hugorodriguez.com\/blog\/wp-content\/uploads\/2015\/05\/Formentera-fotografica-2015-01-450x100.jpg 450w, https:\/\/www.hugorodriguez.com\/blog\/wp-content\/uploads\/2015\/05\/Formentera-fotografica-2015-01-500x111.jpg 500w, https:\/\/www.hugorodriguez.com\/blog\/wp-content\/uploads\/2015\/05\/Formentera-fotografica-2015-01-705x156.jpg 705w, https:\/\/www.hugorodriguez.com\/blog\/wp-content\/uploads\/2015\/05\/Formentera-fotografica-2015-01.jpg 1200w\" sizes=\"auto, (max-width: 800px) 100vw, 800px\" \/><\/a><\/p>\n<p>Mi buen amigo Tino vino a recogerme y me llev\u00f3 hasta el precioso hotelito donde nos \u00edbamos a alojar.<\/p>\n<p><a href=\"http:\/\/www.hugorodriguez.com\/blog\/wp-content\/uploads\/2015\/05\/Formentera-fotografica-2015-02.jpg\"><img loading=\"lazy\" decoding=\"async\" class=\"aligncenter size-medium wp-image-2441\" src=\"http:\/\/www.hugorodriguez.com\/blog\/wp-content\/uploads\/2015\/05\/Formentera-fotografica-2015-02-500x375.jpg\" alt=\"Formentera fotografica 2015 02\" width=\"500\" height=\"375\" srcset=\"https:\/\/www.hugorodriguez.com\/blog\/wp-content\/uploads\/2015\/05\/Formentera-fotografica-2015-02-500x375.jpg 500w, https:\/\/www.hugorodriguez.com\/blog\/wp-content\/uploads\/2015\/05\/Formentera-fotografica-2015-02-450x338.jpg 450w, https:\/\/www.hugorodriguez.com\/blog\/wp-content\/uploads\/2015\/05\/Formentera-fotografica-2015-02-800x600.jpg 800w, https:\/\/www.hugorodriguez.com\/blog\/wp-content\/uploads\/2015\/05\/Formentera-fotografica-2015-02-705x528.jpg 705w, https:\/\/www.hugorodriguez.com\/blog\/wp-content\/uploads\/2015\/05\/Formentera-fotografica-2015-02.jpg 1200w\" sizes=\"auto, (max-width: 500px) 100vw, 500px\" \/><\/a><\/p>\n<p>Una vez dej\u00e9 la maleta, nos fuimos hasta la sala de cultura\u00a0de San Francisco Javier, lugar escogido para celebrar el certamen.<\/p>\n<p><img loading=\"lazy\" decoding=\"async\" class=\"aligncenter size-medium wp-image-2443\" src=\"http:\/\/www.hugorodriguez.com\/blog\/wp-content\/uploads\/2015\/05\/Formentera-fotografica-2015-04-500x375.jpg\" alt=\"Formentera fotografica 2015 04\" width=\"500\" height=\"375\" srcset=\"https:\/\/www.hugorodriguez.com\/blog\/wp-content\/uploads\/2015\/05\/Formentera-fotografica-2015-04-500x375.jpg 500w, https:\/\/www.hugorodriguez.com\/blog\/wp-content\/uploads\/2015\/05\/Formentera-fotografica-2015-04-450x338.jpg 450w, https:\/\/www.hugorodriguez.com\/blog\/wp-content\/uploads\/2015\/05\/Formentera-fotografica-2015-04-705x528.jpg 705w, https:\/\/www.hugorodriguez.com\/blog\/wp-content\/uploads\/2015\/05\/Formentera-fotografica-2015-04.jpg 800w\" sizes=\"auto, (max-width: 500px) 100vw, 500px\" \/><\/p>\n<p>Hab\u00eda bastantes inscritos y pudimos disfrutar de conferencias tremendamente interesantes en un lugar muy apropiado y con un toque \u00edntimo.<\/p>\n<p><a href=\"http:\/\/www.hugorodriguez.com\/blog\/wp-content\/uploads\/2015\/05\/Formentera-fotografica-2015-03.jpg\"><img loading=\"lazy\" decoding=\"async\" class=\"aligncenter size-medium wp-image-2442\" src=\"http:\/\/www.hugorodriguez.com\/blog\/wp-content\/uploads\/2015\/05\/Formentera-fotografica-2015-03-500x300.jpg\" alt=\"Formentera fotografica 2015 03\" width=\"500\" height=\"300\" srcset=\"https:\/\/www.hugorodriguez.com\/blog\/wp-content\/uploads\/2015\/05\/Formentera-fotografica-2015-03-500x300.jpg 500w, https:\/\/www.hugorodriguez.com\/blog\/wp-content\/uploads\/2015\/05\/Formentera-fotografica-2015-03-450x271.jpg 450w, https:\/\/www.hugorodriguez.com\/blog\/wp-content\/uploads\/2015\/05\/Formentera-fotografica-2015-03-705x423.jpg 705w, https:\/\/www.hugorodriguez.com\/blog\/wp-content\/uploads\/2015\/05\/Formentera-fotografica-2015-03.jpg 800w\" sizes=\"auto, (max-width: 500px) 100vw, 500px\" \/><\/a><\/p>\n<p>Como suele pasar en estos cert\u00e1menes, el proyector siempre acaba dando alg\u00fan problema, a lo que me suele tocar ir all\u00e1 a trastear un poco con \u00e9l para intentar <em>domarlo<\/em>, cosa que afortunadamente suelo conseguir ;-). Aunque en esta ocasi\u00f3n, el port\u00e1til de tino Soriano parec\u00eda no estar de humor ese d\u00eda y no hubo forma de conseguir mostrar su presentaci\u00f3n en el proyector, con lo que hubo que buscar a la carrera una alternativa\u2026<\/p>\n<p>En las comidas tuvimos ocasi\u00f3n de charlar de diversos temas, aunque casi siempre con el denominador com\u00fan que el lector se puede imaginar: la fotograf\u00eda. Eso si, desde todos los \u00e1ngulos, con una comida exquisita y en un entorno excepcional.<\/p>\n<p><a href=\"http:\/\/www.hugorodriguez.com\/blog\/wp-content\/uploads\/2015\/05\/Formentera-fotografica-2015-08.jpg\"><img loading=\"lazy\" decoding=\"async\" class=\"aligncenter size-medium wp-image-2447\" src=\"http:\/\/www.hugorodriguez.com\/blog\/wp-content\/uploads\/2015\/05\/Formentera-fotografica-2015-08-500x448.jpg\" alt=\"Formentera fotografica 2015 08\" width=\"500\" height=\"448\" srcset=\"https:\/\/www.hugorodriguez.com\/blog\/wp-content\/uploads\/2015\/05\/Formentera-fotografica-2015-08-500x448.jpg 500w, https:\/\/www.hugorodriguez.com\/blog\/wp-content\/uploads\/2015\/05\/Formentera-fotografica-2015-08-450x403.jpg 450w, https:\/\/www.hugorodriguez.com\/blog\/wp-content\/uploads\/2015\/05\/Formentera-fotografica-2015-08-705x631.jpg 705w, https:\/\/www.hugorodriguez.com\/blog\/wp-content\/uploads\/2015\/05\/Formentera-fotografica-2015-08.jpg 800w\" sizes=\"auto, (max-width: 500px) 100vw, 500px\" \/><\/a><\/p>\n<p>Por la noche fuimos a tomar la conocida \u201cpomada\u201d de la isla (un gin tonic con lim\u00f3n) y seguidamente a cenar, para coger energ\u00edas porque por la noche decid\u00ed unirme al grupo del taller de foto nocturna con <a href=\"http:\/\/www.fotografonocturno.com\/\" target=\"_blank\">Mario Rubio<\/a>.<\/p>\n<p><a href=\"http:\/\/www.hugorodriguez.com\/blog\/wp-content\/uploads\/2015\/05\/Formentera-fotografica-2015-05.jpg\"><img loading=\"lazy\" decoding=\"async\" class=\"aligncenter size-medium wp-image-2444\" src=\"http:\/\/www.hugorodriguez.com\/blog\/wp-content\/uploads\/2015\/05\/Formentera-fotografica-2015-05-500x375.jpg\" alt=\"Formentera fotografica 2015 05\" width=\"500\" height=\"375\" srcset=\"https:\/\/www.hugorodriguez.com\/blog\/wp-content\/uploads\/2015\/05\/Formentera-fotografica-2015-05-500x375.jpg 500w, https:\/\/www.hugorodriguez.com\/blog\/wp-content\/uploads\/2015\/05\/Formentera-fotografica-2015-05-450x338.jpg 450w, https:\/\/www.hugorodriguez.com\/blog\/wp-content\/uploads\/2015\/05\/Formentera-fotografica-2015-05-705x528.jpg 705w, https:\/\/www.hugorodriguez.com\/blog\/wp-content\/uploads\/2015\/05\/Formentera-fotografica-2015-05.jpg 800w\" sizes=\"auto, (max-width: 500px) 100vw, 500px\" \/><\/a><\/p>\n<p>Recuerdo haber hecho alguna vez alguna foto nocturna hace a\u00f1os, y creo que incluso he probado a pintar con luz, pero la verdad es que no me hab\u00eda atra\u00eddo tanto. Pero reconozco que con Mario Rubio, aparte de aprender algunos trucos interesantes, me lo he pasado muy bien experimentando a hacer panor\u00e1micas nocturnas mezcladas y <em>Light painting<\/em> (ya sabes que hoy d\u00eda no se estila eso de \u201cpintar con luz\u201d; si no haces <em>light painting<\/em> es que eres un ceporro).<\/p>\n<p><a href=\"http:\/\/www.hugorodriguez.com\/blog\/wp-content\/uploads\/2015\/05\/Arbol-light-paint-03.jpg\"><img loading=\"lazy\" decoding=\"async\" class=\"aligncenter size-full wp-image-2452\" src=\"http:\/\/www.hugorodriguez.com\/blog\/wp-content\/uploads\/2015\/05\/Arbol-light-paint-03.jpg\" alt=\"Arbol light paint 03\" width=\"800\" height=\"533\" srcset=\"https:\/\/www.hugorodriguez.com\/blog\/wp-content\/uploads\/2015\/05\/Arbol-light-paint-03.jpg 800w, https:\/\/www.hugorodriguez.com\/blog\/wp-content\/uploads\/2015\/05\/Arbol-light-paint-03-450x300.jpg 450w, https:\/\/www.hugorodriguez.com\/blog\/wp-content\/uploads\/2015\/05\/Arbol-light-paint-03-500x333.jpg 500w, https:\/\/www.hugorodriguez.com\/blog\/wp-content\/uploads\/2015\/05\/Arbol-light-paint-03-705x469.jpg 705w\" sizes=\"auto, (max-width: 800px) 100vw, 800px\" \/><\/a><\/p>\n<p><a href=\"http:\/\/www.hugorodriguez.com\/blog\/wp-content\/uploads\/2015\/05\/HRA6169.jpg\"><img loading=\"lazy\" decoding=\"async\" class=\"aligncenter size-full wp-image-2451\" src=\"http:\/\/www.hugorodriguez.com\/blog\/wp-content\/uploads\/2015\/05\/HRA6169.jpg\" alt=\"_HRA6169\" width=\"800\" height=\"533\" srcset=\"https:\/\/www.hugorodriguez.com\/blog\/wp-content\/uploads\/2015\/05\/HRA6169.jpg 800w, https:\/\/www.hugorodriguez.com\/blog\/wp-content\/uploads\/2015\/05\/HRA6169-450x300.jpg 450w, https:\/\/www.hugorodriguez.com\/blog\/wp-content\/uploads\/2015\/05\/HRA6169-500x333.jpg 500w, https:\/\/www.hugorodriguez.com\/blog\/wp-content\/uploads\/2015\/05\/HRA6169-705x469.jpg 705w\" sizes=\"auto, (max-width: 800px) 100vw, 800px\" \/><\/a><\/p>\n<p>El plato fuerte lleg\u00f3 (en mi opini\u00f3n) el domingo, con las conferencias de Emilio y <a href=\"http:\/\/www.tinosoriano.com\/es\/portada\" target=\"_blank\">Tino<\/a>. Me impact\u00f3 especialmente la de <a href=\"https:\/\/www.facebook.com\/pages\/Emilio-Morenatti\/145593915470270\" target=\"_blank\">Emilio<\/a>, ya que no conoc\u00eda su obra y, sinceramente, ver tanta belleza y crudeza al mismo tiempo en cada una de sus fotos me estremeci\u00f3. Creo que incluso se me salt\u00f3 alguna l\u00e1grima. Me qued\u00e9 un rato pensando en si puede ser capaz de vivir con todas esas experiencias y recuerdos en la cabeza, y si no le atormentan cada noche\u2026<\/p>\n<p>Le pregunt\u00e9 directamente sobre eso y me respondi\u00f3 tranquilamente con un \u201cNoo, se olvida!\u201d con una sonrisa en la boca, lo que demuestra que Emilio es un tipo que tiene una gran salud mental incluso despu\u00e9s de haber visto lo peor del ser humano tan cerca y en tantas ocasiones.<\/p>\n<p><a href=\"http:\/\/www.hugorodriguez.com\/blog\/wp-content\/uploads\/2015\/05\/Formentera-fotografica-2015-06.jpg\"><img loading=\"lazy\" decoding=\"async\" class=\"aligncenter size-medium wp-image-2445\" src=\"http:\/\/www.hugorodriguez.com\/blog\/wp-content\/uploads\/2015\/05\/Formentera-fotografica-2015-06-500x375.jpg\" alt=\"Formentera fotografica 2015 06\" width=\"500\" height=\"375\" srcset=\"https:\/\/www.hugorodriguez.com\/blog\/wp-content\/uploads\/2015\/05\/Formentera-fotografica-2015-06-500x375.jpg 500w, https:\/\/www.hugorodriguez.com\/blog\/wp-content\/uploads\/2015\/05\/Formentera-fotografica-2015-06-450x338.jpg 450w, https:\/\/www.hugorodriguez.com\/blog\/wp-content\/uploads\/2015\/05\/Formentera-fotografica-2015-06-705x528.jpg 705w, https:\/\/www.hugorodriguez.com\/blog\/wp-content\/uploads\/2015\/05\/Formentera-fotografica-2015-06.jpg 800w\" sizes=\"auto, (max-width: 500px) 100vw, 500px\" \/><\/a><\/p>\n<p>Para terminar el certamen nos llevaron a comer a un restaurante espectacular, a pie de playa, donde pudimos charlar largo y tendido, para luego dispersarnos cada uno por su lado.<\/p>\n<p><a href=\"http:\/\/www.hugorodriguez.com\/blog\/wp-content\/uploads\/2015\/05\/Formentera-fotografica-2015-07.jpg\"><img loading=\"lazy\" decoding=\"async\" class=\"aligncenter size-medium wp-image-2446\" src=\"http:\/\/www.hugorodriguez.com\/blog\/wp-content\/uploads\/2015\/05\/Formentera-fotografica-2015-07-500x375.jpg\" alt=\"Formentera fotografica 2015 07\" width=\"500\" height=\"375\" srcset=\"https:\/\/www.hugorodriguez.com\/blog\/wp-content\/uploads\/2015\/05\/Formentera-fotografica-2015-07-500x375.jpg 500w, https:\/\/www.hugorodriguez.com\/blog\/wp-content\/uploads\/2015\/05\/Formentera-fotografica-2015-07-450x338.jpg 450w, https:\/\/www.hugorodriguez.com\/blog\/wp-content\/uploads\/2015\/05\/Formentera-fotografica-2015-07-705x528.jpg 705w, https:\/\/www.hugorodriguez.com\/blog\/wp-content\/uploads\/2015\/05\/Formentera-fotografica-2015-07.jpg 800w\" sizes=\"auto, (max-width: 500px) 100vw, 500px\" \/><\/a><\/p>\n<p>Algunos se fueron a la playa y otros, a la playa a hacer fotos. Francesc y Marina (organizadores del evento) me llevaron a ver la zona norte de la isla, un lugar realmente bonito y tranquilo, donde Marina me sac\u00f3 esta foto:<\/p>\n<p><a href=\"http:\/\/www.hugorodriguez.com\/blog\/wp-content\/uploads\/2015\/05\/Formentera-fotografica-2015-09.jpg\"><img loading=\"lazy\" decoding=\"async\" class=\"aligncenter size-medium wp-image-2448\" src=\"http:\/\/www.hugorodriguez.com\/blog\/wp-content\/uploads\/2015\/05\/Formentera-fotografica-2015-09-500x335.jpg\" alt=\"Formentera fotografica 2015 09\" width=\"500\" height=\"335\" srcset=\"https:\/\/www.hugorodriguez.com\/blog\/wp-content\/uploads\/2015\/05\/Formentera-fotografica-2015-09-500x335.jpg 500w, https:\/\/www.hugorodriguez.com\/blog\/wp-content\/uploads\/2015\/05\/Formentera-fotografica-2015-09-450x302.jpg 450w, https:\/\/www.hugorodriguez.com\/blog\/wp-content\/uploads\/2015\/05\/Formentera-fotografica-2015-09-800x536.jpg 800w, https:\/\/www.hugorodriguez.com\/blog\/wp-content\/uploads\/2015\/05\/Formentera-fotografica-2015-09-705x473.jpg 705w, https:\/\/www.hugorodriguez.com\/blog\/wp-content\/uploads\/2015\/05\/Formentera-fotografica-2015-09.jpg 1000w\" sizes=\"auto, (max-width: 500px) 100vw, 500px\" \/><\/a><\/p>\n<p>Seguidamente me acercaron hasta la famosa Savina, un \u00e1rbol doblado por la fuerza de la tramuntana realmente interesante, sobre todo a nivel fotogr\u00e1fico. Me estuve un rato dando vueltas por el lugar y tomando algunas panor\u00e1micas, pero r\u00e1pidamente me di cuenta que con la luz de media tarde todav\u00eda no le pod\u00eda sacar todo el provecho, as\u00ed que empec\u00e9 a buscar la forma de organizarme para poder ir por la noche y tomar una panor\u00e1mica con algo de <em>light painting<\/em>. Finalmente, con algo de ayuda puede conseguir lo que buscaba durante casi dos horas de disparo. Una vez aqu\u00ed, he necesitado unas tres horas para montar y procesar la imagen final que puedes ver como portada de esta entrada.<\/p>\n<p>Aunque a primera vista no lo parezca, esta foto es una panor\u00e1mica de un \u00e1ngulo ampl\u00edsimo, tomada justo desde debajo de la rama en primer plano (la azul). Se compone de unas 30 fotos. Todas ellas fueron disparadas a las 12 de noche y para iluminar no utilic\u00e9 linternas de LED\u00a0ni artilugios raros&#8230; b\u00e1sicamente porque no iba nada preparado.\u00a0Utilic\u00e9 mi m\u00f3vil y una vieja aplicaci\u00f3n que tengo en \u00e9l ;-)<br \/>\nPara montarla he necesitado unas 3h, pero no para ensamblar la pano, sino para fusionar las tomas principales (con luz de luna) y las pintadas, que prefer\u00ed tomar aparte para poder fusionar al gusto.\u00a0No lleva retoque de color; todo es natural y obtenido en la toma.<\/p>\n<p>Si quieres ver el lugar en todo su esplendor panor\u00e1mico, no te pierdas esto (mejor m\u00edralo a pantalla completa).<\/p>\n<p><a href=\"http:\/\/www.hugorodriguez.com\/fotos\/panos\/formentera-savina\/pano.html\"><img loading=\"lazy\" decoding=\"async\" class=\"aligncenter wp-image-2454 size-full\" src=\"http:\/\/www.hugorodriguez.com\/blog\/wp-content\/uploads\/2015\/05\/Pano-Arbol-Savina-nocturna-Ilum-Polar-C-sRGB1.jpg\" alt=\"Pano Arbol Savina nocturna Ilum Polar C sRGB\" width=\"400\" height=\"262\" \/><\/a><\/p>\n<p>Sugerencia: prueba la proyecci\u00f3n Little Planet a traves del men\u00fa con clic derecho&#8230;<\/p>\n<p>Y aqui, la versi\u00f3n <em>Little Planet<\/em> de la misma:<\/p>\n<p><a href=\"http:\/\/www.hugorodriguez.com\/blog\/wp-content\/uploads\/2015\/05\/Pano-Arbol-Savina-nocturna-Ilum-Polar-D-sRGB.jpg\"><img loading=\"lazy\" decoding=\"async\" class=\"aligncenter wp-image-2450\" src=\"http:\/\/www.hugorodriguez.com\/blog\/wp-content\/uploads\/2015\/05\/Pano-Arbol-Savina-nocturna-Ilum-Polar-D-sRGB.jpg\" alt=\"Pano Arbol Savina nocturna Ilum Polar D sRGB\" width=\"800\" height=\"622\" srcset=\"https:\/\/www.hugorodriguez.com\/blog\/wp-content\/uploads\/2015\/05\/Pano-Arbol-Savina-nocturna-Ilum-Polar-D-sRGB.jpg 1200w, https:\/\/www.hugorodriguez.com\/blog\/wp-content\/uploads\/2015\/05\/Pano-Arbol-Savina-nocturna-Ilum-Polar-D-sRGB-450x350.jpg 450w, https:\/\/www.hugorodriguez.com\/blog\/wp-content\/uploads\/2015\/05\/Pano-Arbol-Savina-nocturna-Ilum-Polar-D-sRGB-500x388.jpg 500w, https:\/\/www.hugorodriguez.com\/blog\/wp-content\/uploads\/2015\/05\/Pano-Arbol-Savina-nocturna-Ilum-Polar-D-sRGB-800x622.jpg 800w, https:\/\/www.hugorodriguez.com\/blog\/wp-content\/uploads\/2015\/05\/Pano-Arbol-Savina-nocturna-Ilum-Polar-D-sRGB-705x548.jpg 705w\" sizes=\"auto, (max-width: 800px) 100vw, 800px\" \/><\/a><\/p>\n<p>Si quieres aprender a hacer panor\u00e1micas como estas, no lo dudes, inscr\u00edbete al <a href=\"http:\/\/lensescuela.es\/cursos-y-talleres\/talleres-de-fin-de-semana\/talleres-basicos\/taller-fotografia-panoramica.html\" target=\"_blank\">curso que imparto en la escuela Lens<\/a> de Madrid, y al newsletter para estar al tanto de los pr\u00f3ximos cursos. Y si te corre mucha prisa, puedes contactarme y buscamos la forma de hacer un curso en petit-comitee o unas clases particulares&#8230;<\/p>\n","protected":false},"excerpt":{"rendered":"<p>Es martes y ya estoy de vuelta al trabajo diario, pero va a ser dif\u00edcil olvidar lo vivido este pasado fin de semana, ya que he tenido el privilegio de participar en el certamen Formentera Fotogr\u00e1fica 2015. Si viajar hasta esa preciosa isla ya es algo para recordar, estar acompa\u00f1ado junto a grandes de la [&hellip;]<\/p>\n","protected":false},"author":1,"featured_media":2449,"comment_status":"open","ping_status":"closed","sticky":false,"template":"","format":"standard","meta":{"footnotes":""},"categories":[63,81],"tags":[140,240,119],"class_list":["post-2430","post","type-post","status-publish","format-standard","has-post-thumbnail","hentry","category-cursos","category-news","tag-formentera","tag-panoramicas","tag-workshops"],"_links":{"self":[{"href":"https:\/\/www.hugorodriguez.com\/blog\/wp-json\/wp\/v2\/posts\/2430","targetHints":{"allow":["GET"]}}],"collection":[{"href":"https:\/\/www.hugorodriguez.com\/blog\/wp-json\/wp\/v2\/posts"}],"about":[{"href":"https:\/\/www.hugorodriguez.com\/blog\/wp-json\/wp\/v2\/types\/post"}],"author":[{"embeddable":true,"href":"https:\/\/www.hugorodriguez.com\/blog\/wp-json\/wp\/v2\/users\/1"}],"replies":[{"embeddable":true,"href":"https:\/\/www.hugorodriguez.com\/blog\/wp-json\/wp\/v2\/comments?post=2430"}],"version-history":[{"count":5,"href":"https:\/\/www.hugorodriguez.com\/blog\/wp-json\/wp\/v2\/posts\/2430\/revisions"}],"predecessor-version":[{"id":2461,"href":"https:\/\/www.hugorodriguez.com\/blog\/wp-json\/wp\/v2\/posts\/2430\/revisions\/2461"}],"wp:featuredmedia":[{"embeddable":true,"href":"https:\/\/www.hugorodriguez.com\/blog\/wp-json\/wp\/v2\/media\/2449"}],"wp:attachment":[{"href":"https:\/\/www.hugorodriguez.com\/blog\/wp-json\/wp\/v2\/media?parent=2430"}],"wp:term":[{"taxonomy":"category","embeddable":true,"href":"https:\/\/www.hugorodriguez.com\/blog\/wp-json\/wp\/v2\/categories?post=2430"},{"taxonomy":"post_tag","embeddable":true,"href":"https:\/\/www.hugorodriguez.com\/blog\/wp-json\/wp\/v2\/tags?post=2430"}],"curies":[{"name":"wp","href":"https:\/\/api.w.org\/{rel}","templated":true}]}}