{"id":2332,"date":"2015-02-27T12:57:45","date_gmt":"2015-02-27T11:57:45","guid":{"rendered":"http:\/\/www.hugorodriguez.com\/blog\/?p=2332"},"modified":"2015-02-27T13:08:14","modified_gmt":"2015-02-27T12:08:14","slug":"certamen-formentera-fotografica-2015","status":"publish","type":"post","link":"https:\/\/www.hugorodriguez.com\/blog\/2015\/02\/certamen-formentera-fotografica-2015\/","title":{"rendered":"Certamen Formentera fotogr\u00e1fica 2015"},"content":{"rendered":"<p>Tengo el gusto de anunciar que este a\u00f1o\u00a0estar\u00e9 en el certamen <a href=\"http:\/\/www.formenterafotografica.com\" target=\"_blank\">Formentera Fotogr\u00e1fica<\/a>\u00a0(del 30 de abril al 3 de mayo), impartiendo la conferencia &#8216;M\u00e1s all\u00e1 de los l\u00edmites de la visi\u00f3n: panor\u00e1micas 360\u00ba&#8217;. Ser\u00e1 una conferencia en la que explicar\u00e9 de forma condensada c\u00f3mo se realizan este tipo de fotos y qu\u00e9 material se necesita. Consulta\u00a0el <a href=\"http:\/\/www.formenterafotografica.com\/esp\/programa_formentera_fotografica.html\" target=\"_blank\">programa completo<\/a> para m\u00e1s detalles.<\/p>\n<p class=\"text_ponent\"><em>Alguna vez has querido captar un espacio amplio y has sentido que tu angular no te lo permit\u00eda? Ocurre a menudo&#8230; Captar la esencia de un lugar especial en toda su amplitud no es f\u00e1cil. No basta con tener un angular amplio, ni tampoco con alejarse para fotografiarlo desde lejos. A menudo, lo que quieres es situarte en el \u201ccentro del meollo\u201d, \u00bfno? La soluci\u00f3n pasa por aprender a usar la t\u00e9cnica de la panor\u00e1mica, que te permitir\u00e1 captar hasta 360\u00ba horizontalmente e incluso hasta 180\u00ba verticalmente (o sea: todo).<\/em><\/p>\n<p><a href=\"http:\/\/www.formenterafotografica.com\" target=\"_blank\"><img loading=\"lazy\" decoding=\"async\" class=\"aligncenter size-medium wp-image-2334\" src=\"http:\/\/www.hugorodriguez.com\/blog\/wp-content\/uploads\/2015\/02\/Formentera-fotografica-2015-500x315.jpg\" alt=\"Formentera-fotografica-2015\" width=\"500\" height=\"315\" srcset=\"https:\/\/www.hugorodriguez.com\/blog\/wp-content\/uploads\/2015\/02\/Formentera-fotografica-2015-500x315.jpg 500w, https:\/\/www.hugorodriguez.com\/blog\/wp-content\/uploads\/2015\/02\/Formentera-fotografica-2015-450x284.jpg 450w, https:\/\/www.hugorodriguez.com\/blog\/wp-content\/uploads\/2015\/02\/Formentera-fotografica-2015.jpg 600w\" sizes=\"auto, (max-width: 500px) 100vw, 500px\" \/><\/a><br \/>\nSer\u00e1 un certamen donde participar\u00e1n profesionales de primer nivel, como <a href=\"https:\/\/www.facebook.com\/tinosoriano\" target=\"_blank\">Tino Soriano<\/a>,\u00a0<a href=\"https:\/\/www.facebook.com\/david.airob\" target=\"_blank\">David Airob<\/a>,\u00a0<a href=\"https:\/\/www.facebook.com\/mariorubiophotography\" target=\"_blank\">Mario Rubio<\/a>,\u00a0<a href=\"https:\/\/www.facebook.com\/siqui.sanchezfotografia\" target=\"_blank\">Siqui Sanchez<\/a>,\u00a0<a href=\"https:\/\/www.facebook.com\/oriol.alamany.sese\" target=\"_blank\">Oriol Alamany<\/a>,\u00a0<a href=\"https:\/\/www.facebook.com\/emilio.morenatti\" target=\"_blank\">Emilio Morenatti<\/a>,\u00a0<a href=\"https:\/\/www.facebook.com\/colita.fotografia\" target=\"_blank\">Colita<\/a>\u00a0(Premio Nacional de Fotograf\u00eda 2014 convenientemente rechazado)\u00a0y\u00a0Sebasti\u00e0 Torrens&#8230; bueno, y un servidor.<\/p>\n<p class=\"text_ponent\">Si te apetece pasar un fin de semana en una isla de ensue\u00f1o con un plantel de profesionales de v\u00e9rtigo, no te lo pierdas!<\/p>\n<p class=\"text_ponent\">M\u00e1s informaci\u00f3n en el peri\u00f3dico de Ibiza:\u00a0<a href=\"http:\/\/periodicodeibiza.es\/pitiusas\/formentera\/2015\/02\/18\/144818\/elite-fotografia-vuelve-formentera.html\" target=\"_blank\">http:\/\/periodicodeibiza.es\/pitiusas\/formentera\/2015\/02\/18\/144818\/elite-fotografia-vuelve-formentera.html<\/a><\/p>\n","protected":false},"excerpt":{"rendered":"<p>Tengo el gusto de anunciar que este a\u00f1o estar\u00e9 en el certamen Formentera Fotogr\u00e1fica (del 30 de abril al 3 de mayo), impartiendo la conferencia &#8216;M\u00e1s all\u00e1 de los l\u00edmites de la visi\u00f3n: panor\u00e1micas 360\u00ba&#8217;. Ser\u00e1 una conferencia en la que explicar\u00e9 de forma condensada c\u00f3mo se realizan este tipo de fotos y qu\u00e9 material se necesita<\/p>\n","protected":false},"author":1,"featured_media":2334,"comment_status":"open","ping_status":"closed","sticky":false,"template":"","format":"standard","meta":{"footnotes":""},"categories":[63,81],"tags":[127,141,20,140,240],"class_list":["post-2332","post","type-post","status-publish","format-standard","has-post-thumbnail","hentry","category-cursos","category-news","tag-360o","tag-certamenes","tag-conferencias","tag-formentera","tag-panoramicas"],"_links":{"self":[{"href":"https:\/\/www.hugorodriguez.com\/blog\/wp-json\/wp\/v2\/posts\/2332","targetHints":{"allow":["GET"]}}],"collection":[{"href":"https:\/\/www.hugorodriguez.com\/blog\/wp-json\/wp\/v2\/posts"}],"about":[{"href":"https:\/\/www.hugorodriguez.com\/blog\/wp-json\/wp\/v2\/types\/post"}],"author":[{"embeddable":true,"href":"https:\/\/www.hugorodriguez.com\/blog\/wp-json\/wp\/v2\/users\/1"}],"replies":[{"embeddable":true,"href":"https:\/\/www.hugorodriguez.com\/blog\/wp-json\/wp\/v2\/comments?post=2332"}],"version-history":[{"count":5,"href":"https:\/\/www.hugorodriguez.com\/blog\/wp-json\/wp\/v2\/posts\/2332\/revisions"}],"predecessor-version":[{"id":2339,"href":"https:\/\/www.hugorodriguez.com\/blog\/wp-json\/wp\/v2\/posts\/2332\/revisions\/2339"}],"wp:featuredmedia":[{"embeddable":true,"href":"https:\/\/www.hugorodriguez.com\/blog\/wp-json\/wp\/v2\/media\/2334"}],"wp:attachment":[{"href":"https:\/\/www.hugorodriguez.com\/blog\/wp-json\/wp\/v2\/media?parent=2332"}],"wp:term":[{"taxonomy":"category","embeddable":true,"href":"https:\/\/www.hugorodriguez.com\/blog\/wp-json\/wp\/v2\/categories?post=2332"},{"taxonomy":"post_tag","embeddable":true,"href":"https:\/\/www.hugorodriguez.com\/blog\/wp-json\/wp\/v2\/tags?post=2332"}],"curies":[{"name":"wp","href":"https:\/\/api.w.org\/{rel}","templated":true}]}}