{"id":2220,"date":"2015-02-04T13:18:36","date_gmt":"2015-02-04T12:18:36","guid":{"rendered":"http:\/\/www.hugorodriguez.com\/blog\/?p=2220"},"modified":"2019-04-02T12:54:44","modified_gmt":"2019-04-02T10:54:44","slug":"postgrado-en-fotografia-digital-en-lasalle-ultimas-plazas-y-un-video","status":"publish","type":"post","link":"https:\/\/www.hugorodriguez.com\/blog\/2015\/02\/postgrado-en-fotografia-digital-en-lasalle-ultimas-plazas-y-un-video\/","title":{"rendered":"Postgrado en fotografia digital en LaSalle: \u00faltimas plazas y un video"},"content":{"rendered":"<p>Queda poco para que acabe el plazo de matriculaci\u00f3n en el <a href=\"http:\/\/www.beslasalle.net\/portal\/masters\/masters-fotografia-pfd-barcelona\" target=\"_blank\">Postgrado de Fotograf\u00eda Digital de La Salle<\/a>, tal como explica Maria Rosa Vila:<br \/>\n<em>Todav\u00eda est\u00e1is a tiempo de matricularos en el Postgrado de Fotograf\u00eda Digital de La Salle, en Barcelona. Una cosa presencial, en vivo y en directo, como se ha hecho toda la vida. Entre los profesores, grandes profesionales como Siqui Sanchez, Hugo Rodriguez, Tino Soriano, Albert Mas\u00f3 Planas, Nati Mart\u00ednez, Joan de la Malla, Guillem Villa Fernandez y un largo etc\u00e9tera. Servidora se encargar\u00e1 del asunto de la edici\u00f3n gr\u00e1fica y la construcci\u00f3n de discursos visuales est\u00e9ticos y con sentido, que es lo m\u00edo. Si os interesa, no tard\u00e9is en decidiros porque s\u00f3lo quedan un par de plazas!<\/em><\/p>\n<p>Acaban de publicar, por cierto, un video con un resumen y comentarios de los alumnos que han participado en la 1\u00aa edici\u00f3n:<\/p>\n<div  class='avia-video av-27ak24-84a49add2ce16a24ebcc457fe9f1fcaa avia-video-16-9 av-no-preview-image avia-video-load-always av-lazyload-immediate av-lazyload-video-embed'  itemprop=\"video\" itemtype=\"https:\/\/schema.org\/VideoObject\"  data-original_url='http:\/\/www.youtube.com\/watch?v=jIuhd3xQFqw'><script type='text\/html' class='av-video-tmpl'><a href=\"http:\/\/www.youtube.com\/watch?v=jIuhd3xQFqw\">http:\/\/www.youtube.com\/watch?v=jIuhd3xQFqw<\/a><\/script><div class='av-click-to-play-overlay'><div class=\"avia_playpause_icon\"><\/div><\/div><\/div>\n","protected":false},"excerpt":{"rendered":"<p>Queda poco para que acabe el plazo de matriculaci\u00f3n en el Postgrado de Fotograf\u00eda Digital de La Salle, tal como explica Maria Rosa Vila: Todav\u00eda est\u00e1is a tiempo de matricularos en el Postgrado de Fotograf\u00eda Digital de La Salle, en Barcelona. Una cosa presencial, en vivo y en directo, como se ha hecho toda la [&hellip;]<\/p>\n","protected":false},"author":1,"featured_media":0,"comment_status":"open","ping_status":"closed","sticky":false,"template":"","format":"standard","meta":{"footnotes":""},"categories":[63,1],"tags":[241,122,123,124],"class_list":["post-2220","post","type-post","status-publish","format-standard","hentry","category-cursos","category-tecnica","tag-cursos","tag-lasalle","tag-postgrado","tag-universidades"],"_links":{"self":[{"href":"https:\/\/www.hugorodriguez.com\/blog\/wp-json\/wp\/v2\/posts\/2220","targetHints":{"allow":["GET"]}}],"collection":[{"href":"https:\/\/www.hugorodriguez.com\/blog\/wp-json\/wp\/v2\/posts"}],"about":[{"href":"https:\/\/www.hugorodriguez.com\/blog\/wp-json\/wp\/v2\/types\/post"}],"author":[{"embeddable":true,"href":"https:\/\/www.hugorodriguez.com\/blog\/wp-json\/wp\/v2\/users\/1"}],"replies":[{"embeddable":true,"href":"https:\/\/www.hugorodriguez.com\/blog\/wp-json\/wp\/v2\/comments?post=2220"}],"version-history":[{"count":5,"href":"https:\/\/www.hugorodriguez.com\/blog\/wp-json\/wp\/v2\/posts\/2220\/revisions"}],"predecessor-version":[{"id":7951,"href":"https:\/\/www.hugorodriguez.com\/blog\/wp-json\/wp\/v2\/posts\/2220\/revisions\/7951"}],"wp:attachment":[{"href":"https:\/\/www.hugorodriguez.com\/blog\/wp-json\/wp\/v2\/media?parent=2220"}],"wp:term":[{"taxonomy":"category","embeddable":true,"href":"https:\/\/www.hugorodriguez.com\/blog\/wp-json\/wp\/v2\/categories?post=2220"},{"taxonomy":"post_tag","embeddable":true,"href":"https:\/\/www.hugorodriguez.com\/blog\/wp-json\/wp\/v2\/tags?post=2220"}],"curies":[{"name":"wp","href":"https:\/\/api.w.org\/{rel}","templated":true}]}}