{"id":2182,"date":"2014-12-11T10:02:20","date_gmt":"2014-12-11T09:02:20","guid":{"rendered":"http:\/\/www.hugorodriguez.com\/blog\/?p=2182"},"modified":"2014-12-11T10:03:02","modified_gmt":"2014-12-11T09:03:02","slug":"conferencia-la-importancia-de-la-tecnica-en-la-fotografia-actual","status":"publish","type":"post","link":"https:\/\/www.hugorodriguez.com\/blog\/2014\/12\/conferencia-la-importancia-de-la-tecnica-en-la-fotografia-actual\/","title":{"rendered":"Conferencia \u00abLa importancia de la t\u00e9cnica en la fotograf\u00eda actual\u00bb"},"content":{"rendered":"<p>El pr\u00f3ximo jueves impartir\u00e9, junto a Albert Mas\u00f3, una conferencia en la que hablar\u00e9 de la importancia de tener un buen conocimiento de la t\u00e9cnica y de porqu\u00e9 es asimismo\u00a0esencial estar al d\u00eda de las novedades t\u00e9cnicas para poder seguir siendo competitivo y para poder reducir al m\u00e1ximo los costes.<\/p>\n<p><a href=\"http:\/\/www.hugorodriguez.com\/blog\/wp-content\/uploads\/2014\/12\/New-York-5227-Hugo-800px.jpg\"><img loading=\"lazy\" decoding=\"async\" class=\"aligncenter wp-image-2183 size-full\" src=\"http:\/\/www.hugorodriguez.com\/blog\/wp-content\/uploads\/2014\/12\/New-York-5227-Hugo-800px.jpg\" alt=\"New York 5227 Hugo 800px\" width=\"800\" height=\"535\" srcset=\"https:\/\/www.hugorodriguez.com\/blog\/wp-content\/uploads\/2014\/12\/New-York-5227-Hugo-800px.jpg 800w, https:\/\/www.hugorodriguez.com\/blog\/wp-content\/uploads\/2014\/12\/New-York-5227-Hugo-800px-450x301.jpg 450w, https:\/\/www.hugorodriguez.com\/blog\/wp-content\/uploads\/2014\/12\/New-York-5227-Hugo-800px-500x334.jpg 500w, https:\/\/www.hugorodriguez.com\/blog\/wp-content\/uploads\/2014\/12\/New-York-5227-Hugo-800px-705x471.jpg 705w\" sizes=\"auto, (max-width: 800px) 100vw, 800px\" \/><\/a><\/p>\n<p>En definitiva, conocer lo suficiente la t\u00e9cnica para poder llegar al fin deseado por el camino m\u00e1s corto y con la mejor calidad. \u00a0Si conoces ese camino, gastar\u00e1s menos en llegar y podr\u00e1s ofrecer mejores precios sin que por ello da\u00f1es el tejido profesional, como pasa cuando quienes no tienen suficientes conocimientos y ofrecen sus servicios a \u00ednfimo\u00a0coste y p\u00e9sima calidad.<\/p>\n<p>Ser\u00e1 en la sala Corporate de la Universidad LaSalle (carrer llu\u00e7an\u00e8s 43), el jueves 18 a las 20:00. <a href=\"http:\/\/eventos.salleurl.edu\/events\/master-class-del-postgrado-en-fotografia-digital\/\">No olvides apuntarte<\/a> (gratuitamente) para reservar silla.<\/p>\n<p><iframe loading=\"lazy\" style=\"border: 0;\" src=\"https:\/\/www.google.com\/maps\/embed?pb=!1m18!1m12!1m3!1d2992.39464642482!2d2.130926500000007!3d41.408951099999996!2m3!1f0!2f0!3f0!3m2!1i1024!2i768!4f13.1!3m3!1m2!1s0x12a4981127d735af%3A0x9a4dbe8fa8569696!2sCarrer+del+Llu%C3%A7an%C3%A8s%2C+43%2C+Universidad+Ramon+Llull%2C+La+Salle+Campus+Barcelona%2C+08022+Barcelona!5e0!3m2!1ses!2ses!4v1418288405691\" width=\"600\" height=\"450\" frameborder=\"0\"><\/iframe><\/p>\n","protected":false},"excerpt":{"rendered":"<p>El pr\u00f3ximo jueves impartir\u00e9, junto a Albert Mas\u00f3, una conferencia en la que hablar\u00e9 de la importancia de tener un buen conocimiento de la t\u00e9cnica y de porqu\u00e9 es asimismo\u00a0esencial estar al d\u00eda de las novedades t\u00e9cnicas para poder seguir siendo competitivo y para poder reducir al m\u00e1ximo los costes. En definitiva, conocer lo suficiente [&hellip;]<\/p>\n","protected":false},"author":1,"featured_media":2183,"comment_status":"open","ping_status":"closed","sticky":false,"template":"","format":"standard","meta":{"footnotes":""},"categories":[81,1],"tags":[20,124],"class_list":["post-2182","post","type-post","status-publish","format-standard","has-post-thumbnail","hentry","category-news","category-tecnica","tag-conferencias","tag-universidades"],"_links":{"self":[{"href":"https:\/\/www.hugorodriguez.com\/blog\/wp-json\/wp\/v2\/posts\/2182","targetHints":{"allow":["GET"]}}],"collection":[{"href":"https:\/\/www.hugorodriguez.com\/blog\/wp-json\/wp\/v2\/posts"}],"about":[{"href":"https:\/\/www.hugorodriguez.com\/blog\/wp-json\/wp\/v2\/types\/post"}],"author":[{"embeddable":true,"href":"https:\/\/www.hugorodriguez.com\/blog\/wp-json\/wp\/v2\/users\/1"}],"replies":[{"embeddable":true,"href":"https:\/\/www.hugorodriguez.com\/blog\/wp-json\/wp\/v2\/comments?post=2182"}],"version-history":[{"count":3,"href":"https:\/\/www.hugorodriguez.com\/blog\/wp-json\/wp\/v2\/posts\/2182\/revisions"}],"predecessor-version":[{"id":2186,"href":"https:\/\/www.hugorodriguez.com\/blog\/wp-json\/wp\/v2\/posts\/2182\/revisions\/2186"}],"wp:featuredmedia":[{"embeddable":true,"href":"https:\/\/www.hugorodriguez.com\/blog\/wp-json\/wp\/v2\/media\/2183"}],"wp:attachment":[{"href":"https:\/\/www.hugorodriguez.com\/blog\/wp-json\/wp\/v2\/media?parent=2182"}],"wp:term":[{"taxonomy":"category","embeddable":true,"href":"https:\/\/www.hugorodriguez.com\/blog\/wp-json\/wp\/v2\/categories?post=2182"},{"taxonomy":"post_tag","embeddable":true,"href":"https:\/\/www.hugorodriguez.com\/blog\/wp-json\/wp\/v2\/tags?post=2182"}],"curies":[{"name":"wp","href":"https:\/\/api.w.org\/{rel}","templated":true}]}}