{"id":2131,"date":"2014-11-26T11:34:41","date_gmt":"2014-11-26T10:34:41","guid":{"rendered":"http:\/\/www.hugorodriguez.com\/blog\/?p=2131"},"modified":"2014-11-26T12:23:56","modified_gmt":"2014-11-26T11:23:56","slug":"perfilesdecolor-nueva-web-servicios-de-gestion-de-color","status":"publish","type":"post","link":"https:\/\/www.hugorodriguez.com\/blog\/2014\/11\/perfilesdecolor-nueva-web-servicios-de-gestion-de-color\/","title":{"rendered":"Perfilesdecolor.com, la nueva web de servicios de gesti\u00f3n de color"},"content":{"rendered":"<p>Tengo el gusto de anunciar el lanzamiento de una nueva web, www.perfilesdecolor.com , donde vas a poder encontrar\u00a0un buen abanico de servicios de gesti\u00f3n del color, orientados principalmente al profesional, aunque tambi\u00e9n el aficionado avanzado y <em>prosumer<\/em> y al entusiasta del home-cinema.<\/p>\n<p><a href=\"http:\/\/www.perfilesdecolor.com\"><img loading=\"lazy\" decoding=\"async\" class=\"aligncenter wp-image-2133\" src=\"http:\/\/www.hugorodriguez.com\/blog\/wp-content\/uploads\/2014\/11\/Portada-web_perfiesdecolor_800px.jpg\" alt=\"Portada-web_perfiesdecolor_800px\" width=\"650\" height=\"449\" srcset=\"https:\/\/www.hugorodriguez.com\/blog\/wp-content\/uploads\/2014\/11\/Portada-web_perfiesdecolor_800px.jpg 800w, https:\/\/www.hugorodriguez.com\/blog\/wp-content\/uploads\/2014\/11\/Portada-web_perfiesdecolor_800px-450x311.jpg 450w, https:\/\/www.hugorodriguez.com\/blog\/wp-content\/uploads\/2014\/11\/Portada-web_perfiesdecolor_800px-500x345.jpg 500w, https:\/\/www.hugorodriguez.com\/blog\/wp-content\/uploads\/2014\/11\/Portada-web_perfiesdecolor_800px-705x487.jpg 705w\" sizes=\"auto, (max-width: 650px) 100vw, 650px\" \/><\/a><\/p>\n<p>Entre los servicios disponibles, encontrar\u00e1s:<\/p>\n<ul>\n<li>La <strong>calibraci\u00f3n del monitor<\/strong>, con el que podr\u00e1s tener tu monitor ajustado con las herramientas m\u00e1s sofisticadas y precisas hoy dia. Tambi\u00e9n podr\u00e1s tener un diagn\u00f3stico sobre la calidad de tu pantalla y un certificado al terminar.<\/li>\n<li>La <strong>calibraci\u00f3n de la c\u00e1mara digital<\/strong>, tanto con Adobe Camera RAW como con Lightroom, CaptureOne, DxO Optics Pro&#8230; Ver\u00e1s sorprendentes ejemplos reales de calibraciones, informaci\u00f3n detallada sobre el proceso y precios que van desde\u00a0el <em>prosumer<\/em> hasta el m\u00e1s experto y refinado profesional que requiera reproducir obras de arte.<\/li>\n<li>La <strong>calibraci\u00f3n de la impresora<\/strong>, para que puedas obtener copias con el mejor color que las tintas y papel permitan. Y que coincida con la pantalla!<\/li>\n<li>La<strong> calibraci\u00f3n de pantallas de Home Cinema y edici\u00f3n de video<\/strong>, para los entusiastas del cine&#8230;y los que editan video.<\/li>\n<li>La <strong>calibraci\u00f3n del proyector<\/strong>, con la que podr\u00e1s dejar de ver de una vez esos (desgraciadamente habituales) colores horrendos tanto con fotos como con videos.<\/li>\n<li>Una <strong>consultor\u00eda t\u00e9cnica<\/strong>, para todos esos casos en que tienes problemas con el color o con la calidad de la imagen. \u00bfTienes una imagen problem\u00e1tica? \u00bfUn trabajo en el que se exige un color muy preciso? Pues precisamente para esos casos est\u00e1 destinado.<\/li>\n<\/ul>\n<p>Se trata de oficializar algo que ya ven\u00eda haciendo desde hace alg\u00fan tiempo, pero\u00a0de un modo m\u00e1s personal. Muchos fot\u00f3grafos me han contactado en los \u00faltimos a\u00f1os para pedirme cosas similares: calibrar una c\u00e1mara, un esc\u00e1ner, un monitor, una impresora&#8230;<\/p>\n<p>Pues bien,\u00a0ahora todo eso ya tiene una\u00a0web con un apartado para cada tema, donde puedes ver en detalle en qu\u00e9 consiste cada cosa, qu\u00e9 se necesita, cu\u00e1nto tarda, preguntas frecuentes&#8230; y mucho m\u00e1s.<\/p>\n<p>No podia dejar de dar las gracias a <a href=\"http:\/\/www.jaumeblanc.net\" target=\"_blank\">Jaume Blanc<\/a>, experto en tecnolog\u00edas web, ya que sin su ayuda me hubiese sido mucho m\u00e1s dificil sacar adelante este proyecto.<\/p>\n","protected":false},"excerpt":{"rendered":"<p>Tengo el gusto de anunciar una nueva web, www.perfilesdecolor.com , donde vas a poder encontrar un buen abanico de servicios de gesti\u00f3n de color, orientados principalmente al profesional, aunque tambi\u00e9n el aficionado avanzado y prosumer y al entusiasta del home-cinema.<\/p>\n","protected":false},"author":1,"featured_media":2133,"comment_status":"open","ping_status":"closed","sticky":false,"template":"","format":"standard","meta":{"footnotes":""},"categories":[81,1],"tags":[23,106,70,11,234,7,74],"class_list":["post-2131","post","type-post","status-publish","format-standard","has-post-thumbnail","hentry","category-news","category-tecnica","tag-calibracion","tag-cameraraw","tag-cine","tag-gestion-color","tag-monitores","tag-raw","tag-video"],"_links":{"self":[{"href":"https:\/\/www.hugorodriguez.com\/blog\/wp-json\/wp\/v2\/posts\/2131","targetHints":{"allow":["GET"]}}],"collection":[{"href":"https:\/\/www.hugorodriguez.com\/blog\/wp-json\/wp\/v2\/posts"}],"about":[{"href":"https:\/\/www.hugorodriguez.com\/blog\/wp-json\/wp\/v2\/types\/post"}],"author":[{"embeddable":true,"href":"https:\/\/www.hugorodriguez.com\/blog\/wp-json\/wp\/v2\/users\/1"}],"replies":[{"embeddable":true,"href":"https:\/\/www.hugorodriguez.com\/blog\/wp-json\/wp\/v2\/comments?post=2131"}],"version-history":[{"count":5,"href":"https:\/\/www.hugorodriguez.com\/blog\/wp-json\/wp\/v2\/posts\/2131\/revisions"}],"predecessor-version":[{"id":2140,"href":"https:\/\/www.hugorodriguez.com\/blog\/wp-json\/wp\/v2\/posts\/2131\/revisions\/2140"}],"wp:featuredmedia":[{"embeddable":true,"href":"https:\/\/www.hugorodriguez.com\/blog\/wp-json\/wp\/v2\/media\/2133"}],"wp:attachment":[{"href":"https:\/\/www.hugorodriguez.com\/blog\/wp-json\/wp\/v2\/media?parent=2131"}],"wp:term":[{"taxonomy":"category","embeddable":true,"href":"https:\/\/www.hugorodriguez.com\/blog\/wp-json\/wp\/v2\/categories?post=2131"},{"taxonomy":"post_tag","embeddable":true,"href":"https:\/\/www.hugorodriguez.com\/blog\/wp-json\/wp\/v2\/tags?post=2131"}],"curies":[{"name":"wp","href":"https:\/\/api.w.org\/{rel}","templated":true}]}}