{"id":20442,"date":"2022-04-12T18:10:43","date_gmt":"2022-04-12T16:10:43","guid":{"rendered":"https:\/\/www.hugorodriguez.com\/blog\/?p=20442"},"modified":"2022-04-24T17:14:20","modified_gmt":"2022-04-24T15:14:20","slug":"directo-mesa-redonda-comparativa-formatos-ff-vs-aps-c-vs-m4-3-21-4-a-las-19h","status":"publish","type":"post","link":"https:\/\/www.hugorodriguez.com\/blog\/2022\/04\/directo-mesa-redonda-comparativa-formatos-ff-vs-aps-c-vs-m4-3-21-4-a-las-19h\/","title":{"rendered":"Mesa redonda comparativa formatos FF vs APS-C vs M4\/3 [DIRECTO emitido 21\/4\/2022 ]"},"content":{"rendered":"<p>NOTA: Esta mesa redonda en directo se emiti\u00f3 el 21\/4\/2022. Puedes verlo en DIFERIDO.<\/p>\n<p>S\u00ed, amigos, el video final de la mega-comparativa entre formatos llega a su fin con un gran debate a 6 bandas, en el que cada cual explicar\u00e1 qu\u00e9 tipo de fotos hace, qu\u00e9 equipo usa y, lo m\u00e1s importante: por qu\u00e9.<\/p>\n<p><a href=\"https:\/\/www.youtube.com\/watch?v=laZi3LyEeTY\" target=\"_blank\" rel=\"noopener\"><img loading=\"lazy\" decoding=\"async\" class=\"aligncenter wp-image-20445 size-full\" src=\"https:\/\/www.hugorodriguez.com\/blog\/wp-content\/uploads\/2022\/04\/Entradilla-FF-APSC-M43-Mesa-redonda2_resize.jpg\" alt=\"\" width=\"700\" height=\"394\" srcset=\"https:\/\/www.hugorodriguez.com\/blog\/wp-content\/uploads\/2022\/04\/Entradilla-FF-APSC-M43-Mesa-redonda2_resize.jpg 700w, https:\/\/www.hugorodriguez.com\/blog\/wp-content\/uploads\/2022\/04\/Entradilla-FF-APSC-M43-Mesa-redonda2_resize-80x45.jpg 80w, https:\/\/www.hugorodriguez.com\/blog\/wp-content\/uploads\/2022\/04\/Entradilla-FF-APSC-M43-Mesa-redonda2_resize-500x281.jpg 500w, https:\/\/www.hugorodriguez.com\/blog\/wp-content\/uploads\/2022\/04\/Entradilla-FF-APSC-M43-Mesa-redonda2_resize-450x253.jpg 450w\" sizes=\"auto, (max-width: 700px) 100vw, 700px\" \/><\/a><\/p>\n<div  class='avia-button-wrap av-vk3sbe-689307ad4948d42d4cfe6729bba35eff-wrap avia-button-center  avia-builder-el-0  avia-builder-el-no-sibling '><a href='https:\/\/www.youtube.com\/watch?v=laZi3LyEeTY'  class='avia-button av-vk3sbe-689307ad4948d42d4cfe6729bba35eff av-link-btn avia-icon_select-yes-right-icon avia-size-x-large avia-position-center av-icon-on-hover avia-color-theme-color'  target=\"_blank\"  rel=\"noopener noreferrer\"  aria-label=\"VERLO EN DIFERIDO\"><span class='avia_iconbox_title' >VERLO EN DIFERIDO<\/span><span class='avia_button_icon avia_button_icon_right avia-iconfont avia-font-entypo-fontello' data-av_icon='\ue832' data-av_iconfont='entypo-fontello' ><\/span><\/a><\/div>\n<p>El reparto ser\u00e1 el siguiente (por orden alfab\u00e9tico):<\/p>\n<ul>\n<li><strong>Marta Bret\u00f3<\/strong>, fotografa de aventura y nocturna. Es embajadora de OM SYSTEM. Ha publicado el libro\u00a0<a href=\"https:\/\/www.hugorodriguez.com\/blog\/2017\/11\/xcmyk-una-impresion-sideral\/\">Sideral<\/a>\u00a0y \u00abDel Congost a la Calma\u00bb. Organiza el\u00a0<a href=\"https:\/\/indomitus.eu\/fest\/\" target=\"_blank\" rel=\"noopener\">festival de cine Indomitus<\/a>, precisamente en breve (del 27 al 30 de abril en Barcelona).\u00a0<a href=\"https:\/\/martabreto.com\/\" target=\"_blank\" rel=\"noopener\">Web<\/a>\u00a0e\u00a0<a href=\"https:\/\/www.instagram.com\/indomitus.aventura\/\" target=\"_blank\" rel=\"noopener\">Instagram<\/a>.<\/li>\n<li><strong>Antonio Garci<\/strong>, especializado en fotograf\u00eda de retrato. Tiene\u00a0<a href=\"http:\/\/www.garci.es\/\" target=\"_blank\" rel=\"noopener\">web<\/a>, un canal de\u00a0<a href=\"https:\/\/www.youtube.com\/c\/AntonioGarci\" target=\"_blank\" rel=\"noopener\">Youtube<\/a>\u00a0muy popular e\u00a0<a href=\"https:\/\/www.instagram.com\/garcifoto\/\" target=\"_blank\" rel=\"noopener\">Instagram<\/a>.<\/li>\n<li><strong>Albert Mas\u00f3<\/strong>, fotografo de naturaleza y Macro. Ha publicado cientos de art\u00edculos, varios libros, es gu\u00eda fotogr\u00e1fico en\u00a0<a href=\"http:\/\/www.australphoto.com\/\" target=\"_blank\" rel=\"noopener\">Australphoto<\/a>\u00a0y asesor cient\u00edfico de National Geographic.\u00a0<a href=\"http:\/\/www.albertmaso.com\/\" target=\"_blank\" rel=\"noopener\">Web<\/a>,\u00a0<a href=\"https:\/\/www.facebook.com\/AustralPhoto\/\" target=\"_blank\" rel=\"noopener\">facebook<\/a>\u00a0e <a href=\"https:\/\/www.instagram.com\/australphoto_safaris\/\" target=\"_blank\" rel=\"noopener\">Instagram<\/a>.<\/li>\n<li><strong>Joan Roig<\/strong>, fot\u00f3grafo de arquitectura e interiorismo. Tiene\u00a0<a href=\"https:\/\/joanroig.com\" target=\"_blank\" rel=\"noopener\">Web<\/a>, canal de\u00a0<a href=\"https:\/\/www.youtube.com\/c\/JoanRoigFotografia\" target=\"_blank\" rel=\"noopener\">Youtube<\/a>\u00a0y una escuela de fotograf\u00eda online.<\/li>\n<li><strong>Tino Soriano<\/strong>, fot\u00f3grafo de viajes de National Geographic, famoso por sus m\u00faltiples publicaciones en la revista y por multiples libros. Tiene\u00a0<a href=\"http:\/\/tinosoriano.com\/\" target=\"_blank\" rel=\"noopener\">web<\/a>, <a href=\"https:\/\/www.facebook.com\/Tinosorianophotoinfo\/\" target=\"_blank\" rel=\"noopener\">facebook<\/a> e <a href=\"https:\/\/www.instagram.com\/tinosoriano\/\" target=\"_blank\" rel=\"noopener\">Instagram<\/a>.<\/li>\n<li>y yo mismo, que creo que me conoceis de sobra. Yo intervendr\u00e9 como fot\u00f3grafo de paisaje y panor\u00e1micas.<\/li>\n<\/ul>\n<p>En el debate cada uno explicar\u00e1 cu\u00e1l es el equipo que usa y debatiremos el porqu\u00e9 los sensores de un tama\u00f1o u otro son m\u00e1s adecuados para cada uso, asi como revisar y responder a vuestras preguntas en directo. Tambi\u00e9n ser\u00e1 muy interesante saber si despues de las pruebas que he hecho en la comparativa alguno se replantea cambios en su equipo.<\/p>\n","protected":false},"excerpt":{"rendered":"<p>NOTA: Esta mesa redonda en directo se emiti\u00f3 el 21\/4\/2022. Puedes verlo en DIFERIDO. S\u00ed, amigos, el video final de la mega-comparativa entre formatos llega a su fin con un gran debate a 6 bandas, en el que cada cual explicar\u00e1 qu\u00e9 tipo de fotos hace, qu\u00e9 equipo usa y, lo m\u00e1s importante: por qu\u00e9. [&hellip;]<\/p>\n","protected":false},"author":1,"featured_media":20445,"comment_status":"open","ping_status":"closed","sticky":false,"template":"","format":"standard","meta":{"footnotes":""},"categories":[28,81,230],"tags":[54,29,6,142,15,7,74,231],"class_list":["post-20442","post","type-post","status-publish","format-standard","has-post-thumbnail","hentry","category-equipo","category-news","category-videos","tag-barcelona","tag-camaras","tag-nikon","tag-olympus","tag-pruebas","tag-raw","tag-video","tag-youtube"],"_links":{"self":[{"href":"https:\/\/www.hugorodriguez.com\/blog\/wp-json\/wp\/v2\/posts\/20442","targetHints":{"allow":["GET"]}}],"collection":[{"href":"https:\/\/www.hugorodriguez.com\/blog\/wp-json\/wp\/v2\/posts"}],"about":[{"href":"https:\/\/www.hugorodriguez.com\/blog\/wp-json\/wp\/v2\/types\/post"}],"author":[{"embeddable":true,"href":"https:\/\/www.hugorodriguez.com\/blog\/wp-json\/wp\/v2\/users\/1"}],"replies":[{"embeddable":true,"href":"https:\/\/www.hugorodriguez.com\/blog\/wp-json\/wp\/v2\/comments?post=20442"}],"version-history":[{"count":5,"href":"https:\/\/www.hugorodriguez.com\/blog\/wp-json\/wp\/v2\/posts\/20442\/revisions"}],"predecessor-version":[{"id":20598,"href":"https:\/\/www.hugorodriguez.com\/blog\/wp-json\/wp\/v2\/posts\/20442\/revisions\/20598"}],"wp:featuredmedia":[{"embeddable":true,"href":"https:\/\/www.hugorodriguez.com\/blog\/wp-json\/wp\/v2\/media\/20445"}],"wp:attachment":[{"href":"https:\/\/www.hugorodriguez.com\/blog\/wp-json\/wp\/v2\/media?parent=20442"}],"wp:term":[{"taxonomy":"category","embeddable":true,"href":"https:\/\/www.hugorodriguez.com\/blog\/wp-json\/wp\/v2\/categories?post=20442"},{"taxonomy":"post_tag","embeddable":true,"href":"https:\/\/www.hugorodriguez.com\/blog\/wp-json\/wp\/v2\/tags?post=20442"}],"curies":[{"name":"wp","href":"https:\/\/api.w.org\/{rel}","templated":true}]}}