{"id":1594,"date":"2014-11-06T18:10:10","date_gmt":"2014-11-06T17:10:10","guid":{"rendered":"http:\/\/www.hugorodriguez.com\/blog\/?p=1594"},"modified":"2016-09-07T11:07:39","modified_gmt":"2016-09-07T10:07:39","slug":"proximos-cursos-a-la-vista","status":"publish","type":"post","link":"https:\/\/www.hugorodriguez.com\/blog\/2014\/11\/proximos-cursos-a-la-vista\/","title":{"rendered":"Pr\u00f3ximos cursos a la vista"},"content":{"rendered":"<p>En octubre y noviembre la temporada de cursos se calienta bastante, y tengo programados los siguientes cursos a la vista:<\/p>\n<ul>\n<li><a href=\"http:\/\/www.casadelaimagen.com\/escuela\/?idc=8\"><strong>Curso de gesti\u00f3n del color avanzada<\/strong><\/a> en <a href=\"http:\/\/www.casadelaimagen.com\/escuela\/?idc=8\"><strong>La Casa de la Imagen<\/strong><\/a>, Logro\u00f1o. Ser\u00e1 un curso intensivo de fin de semana, los dias 29 y 30 de noviembre.<a href=\"http:\/\/www.casadelaimagen.com\/escuela\/?idc=8\"><img loading=\"lazy\" decoding=\"async\" class=\"aligncenter wp-image-1595 size-full\" src=\"http:\/\/www.hugorodriguez.com\/blog\/wp-content\/uploads\/2014\/11\/workshop-gescolor-avanzado-alfa-800.png\" alt=\"workshop-gescolor-avanzado-alfa-800\" width=\"800\" height=\"220\" srcset=\"https:\/\/www.hugorodriguez.com\/blog\/wp-content\/uploads\/2014\/11\/workshop-gescolor-avanzado-alfa-800.png 800w, https:\/\/www.hugorodriguez.com\/blog\/wp-content\/uploads\/2014\/11\/workshop-gescolor-avanzado-alfa-800-450x124.png 450w, https:\/\/www.hugorodriguez.com\/blog\/wp-content\/uploads\/2014\/11\/workshop-gescolor-avanzado-alfa-800-500x137.png 500w, https:\/\/www.hugorodriguez.com\/blog\/wp-content\/uploads\/2014\/11\/workshop-gescolor-avanzado-alfa-800-705x193.png 705w\" sizes=\"auto, (max-width: 800px) 100vw, 800px\" \/><\/a><\/li>\n<\/ul>\n<ul>\n<li>\u00a0Adem\u00e1s de \u00e9ste, en Sabadell impartir\u00e9 tambi\u00e9n otro de <a href=\"http:\/\/escolamira.com\/gestion-color.html\">gesti\u00f3n de color, pero de 8h en la Escola MIRA<\/a>.<\/li>\n<li><a href=\"http:\/\/www.cursosypresentaciones.namencolor.com\/2014\/10\/informacion-y-inscripcion-un-tour.html\"><strong>Workshop de panor\u00e1micas 360\u00ba y tours virtuales<\/strong><\/a> en <a href=\"http:\/\/www.cursosypresentaciones.namencolor.com\/2014\/10\/informacion-y-inscripcion-un-tour.html\"><strong>Namen Color<\/strong><\/a>, Valladolid. Ser\u00e1 un intensivo de 16h con el que podr\u00e1s aprender a crear tours virtuales de calidad profesional publicable. \u00bfHas pensado en la cantidad de hoteles y lugares de ocio que quieren tener un tour en su web para sus clientes? Aqui tienes <a title=\"10 BUENAS RAZONES PARA APRENDER A CREAR TOURS VIRTUALES\" href=\"http:\/\/www.hugorodriguez.com\/blog\/2013\/10\/10-buenas-razones-para-aprender-a-crear-tours-virtuales\/\">10 buenas razones para aprender a crear visitas virtuales<\/a>.<\/li>\n<\/ul>\n<p><a href=\"http:\/\/www.cursosypresentaciones.namencolor.com\/2014\/10\/informacion-y-inscripcion-un-tour.html\"><img loading=\"lazy\" decoding=\"async\" class=\"aligncenter wp-image-1602 size-full\" src=\"http:\/\/www.hugorodriguez.com\/blog\/wp-content\/uploads\/2014\/11\/Tour-CTA.jpg\" alt=\"Tour CTA\" width=\"794\" height=\"443\" srcset=\"https:\/\/www.hugorodriguez.com\/blog\/wp-content\/uploads\/2014\/11\/Tour-CTA.jpg 794w, https:\/\/www.hugorodriguez.com\/blog\/wp-content\/uploads\/2014\/11\/Tour-CTA-450x251.jpg 450w, https:\/\/www.hugorodriguez.com\/blog\/wp-content\/uploads\/2014\/11\/Tour-CTA-500x278.jpg 500w, https:\/\/www.hugorodriguez.com\/blog\/wp-content\/uploads\/2014\/11\/Tour-CTA-705x393.jpg 705w\" sizes=\"auto, (max-width: 794px) 100vw, 794px\" \/><\/a><\/p>\n<ul>\n<li><a href=\"http:\/\/tonigarca.wix.com\/escoladefotografia\"><strong>Workshop de Lightroom<\/strong><\/a> en la nueva <a href=\"http:\/\/tonigarca.wix.com\/escoladefotografia\">escuela DigiFoto\u00a0de Matar\u00f3<\/a>. Aprende en una sesi\u00f3n de 8h a manejarte con el Photoshop del futuro. Olv\u00eddate de\u00a0perder mucho tiempo ajustando las fotos de una en una y descubre las posibilidades de integrar un revelado de RAW, un organizador y una potente base de datos en un solo programa&#8230;<\/li>\n<\/ul>\n<p><a href=\"http:\/\/tonigarca.wix.com\/escoladefotografia\"><img loading=\"lazy\" decoding=\"async\" class=\"aligncenter wp-image-1600 size-full\" src=\"http:\/\/www.hugorodriguez.com\/blog\/wp-content\/uploads\/2014\/11\/Workshop-gestion-color-8h-Mataro-DigitFoto_resize.jpg\" alt=\"\" width=\"800\" height=\"455\" srcset=\"https:\/\/www.hugorodriguez.com\/blog\/wp-content\/uploads\/2014\/11\/Workshop-gestion-color-8h-Mataro-DigitFoto_resize.jpg 800w, https:\/\/www.hugorodriguez.com\/blog\/wp-content\/uploads\/2014\/11\/Workshop-gestion-color-8h-Mataro-DigitFoto_resize-450x256.jpg 450w, https:\/\/www.hugorodriguez.com\/blog\/wp-content\/uploads\/2014\/11\/Workshop-gestion-color-8h-Mataro-DigitFoto_resize-500x284.jpg 500w, https:\/\/www.hugorodriguez.com\/blog\/wp-content\/uploads\/2014\/11\/Workshop-gestion-color-8h-Mataro-DigitFoto_resize-705x400.jpg 705w\" sizes=\"auto, (max-width: 800px) 100vw, 800px\" \/><\/a><\/p>\n<p>Ah, y este fin de semana imparto mis clases en el <a title=\"La UCAM prepara una nueva edici\u00f3n del Fotogenio M\u00e1ster en fotograf\u00eda t\u00e9cnica y expresi\u00f3n\" href=\"http:\/\/www.hugorodriguez.com\/blog\/2014\/09\/la-ucam-prepara-una-nueva-edicion-del-fotogenio-master-en-fotografia-tecnica-y-expresion\/\">M\u00e1ster Fotogenio en la universidad de Murcia<\/a>, pero ya es demasiado tarde&#8230; todas las plazas est\u00e1n cubiertas. Pero si te gustar\u00eda poder asistir, no te lo pierdas el pr\u00f3ximo a\u00f1o! Ap\u00fantate al <a href=\"http:\/\/www.hugorodriguez.com\/newsletter.htm\">newsletter <\/a>para no perderte nada en el futuro.<\/p>\n<p><a href=\"http:\/\/www.hugorodriguez.com\/blog\/wp-content\/uploads\/2014\/11\/Master-Fotogenio-UCAM-2014-800.jpg\"><img loading=\"lazy\" decoding=\"async\" class=\"aligncenter size-full wp-image-1607\" src=\"http:\/\/www.hugorodriguez.com\/blog\/wp-content\/uploads\/2014\/11\/Master-Fotogenio-UCAM-2014-800.jpg\" alt=\"Master-Fotogenio-UCAM-2014-800\" width=\"800\" height=\"427\" srcset=\"https:\/\/www.hugorodriguez.com\/blog\/wp-content\/uploads\/2014\/11\/Master-Fotogenio-UCAM-2014-800.jpg 800w, https:\/\/www.hugorodriguez.com\/blog\/wp-content\/uploads\/2014\/11\/Master-Fotogenio-UCAM-2014-800-450x240.jpg 450w, https:\/\/www.hugorodriguez.com\/blog\/wp-content\/uploads\/2014\/11\/Master-Fotogenio-UCAM-2014-800-500x266.jpg 500w, https:\/\/www.hugorodriguez.com\/blog\/wp-content\/uploads\/2014\/11\/Master-Fotogenio-UCAM-2014-800-705x376.jpg 705w\" sizes=\"auto, (max-width: 800px) 100vw, 800px\" \/><\/a><\/p>\n","protected":false},"excerpt":{"rendered":"<p>En octubre y noviembre la temporada de cursos se calienta bastante, y tengo programados los siguientes cursos a la vista:<br \/>\nCurso de gesti\u00f3n del color avanzada en La Casa de la Imagen, Logro\u00f1o. Ser\u00e1 un curso intensivo&#8230;<\/p>\n","protected":false},"author":1,"featured_media":1600,"comment_status":"open","ping_status":"closed","sticky":false,"template":"","format":"standard","meta":{"footnotes":""},"categories":[63,81],"tags":[241,62,11,48,116,240,118],"class_list":["post-1594","post","type-post","status-publish","format-standard","has-post-thumbnail","hentry","category-cursos","category-news","tag-cursos","tag-fotogenio","tag-gestion-color","tag-lightroom","tag-master","tag-panoramicas","tag-tours-virtuales"],"_links":{"self":[{"href":"https:\/\/www.hugorodriguez.com\/blog\/wp-json\/wp\/v2\/posts\/1594","targetHints":{"allow":["GET"]}}],"collection":[{"href":"https:\/\/www.hugorodriguez.com\/blog\/wp-json\/wp\/v2\/posts"}],"about":[{"href":"https:\/\/www.hugorodriguez.com\/blog\/wp-json\/wp\/v2\/types\/post"}],"author":[{"embeddable":true,"href":"https:\/\/www.hugorodriguez.com\/blog\/wp-json\/wp\/v2\/users\/1"}],"replies":[{"embeddable":true,"href":"https:\/\/www.hugorodriguez.com\/blog\/wp-json\/wp\/v2\/comments?post=1594"}],"version-history":[{"count":5,"href":"https:\/\/www.hugorodriguez.com\/blog\/wp-json\/wp\/v2\/posts\/1594\/revisions"}],"predecessor-version":[{"id":3533,"href":"https:\/\/www.hugorodriguez.com\/blog\/wp-json\/wp\/v2\/posts\/1594\/revisions\/3533"}],"wp:featuredmedia":[{"embeddable":true,"href":"https:\/\/www.hugorodriguez.com\/blog\/wp-json\/wp\/v2\/media\/1600"}],"wp:attachment":[{"href":"https:\/\/www.hugorodriguez.com\/blog\/wp-json\/wp\/v2\/media?parent=1594"}],"wp:term":[{"taxonomy":"category","embeddable":true,"href":"https:\/\/www.hugorodriguez.com\/blog\/wp-json\/wp\/v2\/categories?post=1594"},{"taxonomy":"post_tag","embeddable":true,"href":"https:\/\/www.hugorodriguez.com\/blog\/wp-json\/wp\/v2\/tags?post=1594"}],"curies":[{"name":"wp","href":"https:\/\/api.w.org\/{rel}","templated":true}]}}