{"id":14409,"date":"2020-02-04T13:15:15","date_gmt":"2020-02-04T11:15:15","guid":{"rendered":"https:\/\/www.hugorodriguez.com\/blog\/?p=14409"},"modified":"2020-02-04T13:15:15","modified_gmt":"2020-02-04T11:15:15","slug":"klaus-trayendo-de-vuelta-la-animacion-2d-al-siglo-xxi","status":"publish","type":"post","link":"https:\/\/www.hugorodriguez.com\/blog\/2020\/02\/klaus-trayendo-de-vuelta-la-animacion-2d-al-siglo-xxi\/","title":{"rendered":"Klaus, trayendo de vuelta la animaci\u00f3n 2D al siglo XXI."},"content":{"rendered":"<p>Como ya expliqu\u00e9 en un post anterior, he colaborado en la realizaci\u00f3n de la pel\u00edcula de animaci\u00f3n &#8216;<a href=\"https:\/\/www.netflix.com\/es\/title\/80183187\" target=\"_blank\" rel=\"noopener\">Klaus<\/a>&#8216; durante 2 a\u00f1os, en los que mi\u00a0trabajo consisti\u00f3 en definir c\u00f3mo tendr\u00eda que ser la gesti\u00f3n del color en el workflow en primer lugar, y en calibrar y perfilar todas las pantallas involucradas en este proceso en el estudio <a href=\"https:\/\/www.thespastudios.com\" target=\"_blank\" rel=\"noopener\">The SPA Studios<\/a> de Madrid.<\/p>\n<p><a href=\"https:\/\/www.hugorodriguez.com\/blog\/reviews\/klaus-trayendo-de-vuelta-la-animacion-2d-al-siglo-xxi\/\"><img loading=\"lazy\" decoding=\"async\" class=\"aligncenter wp-image-14466 size-medium\" src=\"https:\/\/www.hugorodriguez.com\/blog\/wp-content\/uploads\/2020\/02\/Cartel-Klaus-337x500.jpg\" alt=\"\" width=\"337\" height=\"500\" srcset=\"https:\/\/www.hugorodriguez.com\/blog\/wp-content\/uploads\/2020\/02\/Cartel-Klaus-337x500.jpg 337w, https:\/\/www.hugorodriguez.com\/blog\/wp-content\/uploads\/2020\/02\/Cartel-Klaus-54x80.jpg 54w, https:\/\/www.hugorodriguez.com\/blog\/wp-content\/uploads\/2020\/02\/Cartel-Klaus-476x705.jpg 476w, https:\/\/www.hugorodriguez.com\/blog\/wp-content\/uploads\/2020\/02\/Cartel-Klaus-450x667.jpg 450w, https:\/\/www.hugorodriguez.com\/blog\/wp-content\/uploads\/2020\/02\/Cartel-Klaus.jpg 506w\" sizes=\"auto, (max-width: 337px) 100vw, 337px\" \/><\/a><\/p>\n<p>En este art\u00edculo os cuento detalladamente muchas cosas del proceso y de la pel\u00edcula:<\/p>\n<div  class='avia-button-wrap av-qllwi1-e47ca99a6e8e6c7ed7b1f0369877b90b-wrap avia-button-center  avia-builder-el-0  avia-builder-el-no-sibling '><a href='https:\/\/www.hugorodriguez.com\/blog\/reviews\/klaus-trayendo-de-vuelta-la-animacion-2d-al-siglo-xxi\/'  class='avia-button av-qllwi1-e47ca99a6e8e6c7ed7b1f0369877b90b av-link-btn avia-icon_select-yes-right-icon avia-size-x-large avia-position-center avia-color-theme-color'   aria-label=\"LEER M\u00c1S\"><span class='avia_iconbox_title' >LEER M\u00c1S<\/span><span class='avia_button_icon avia_button_icon_right avia-iconfont avia-font-entypo-fontello' data-av_icon='\ue832' data-av_iconfont='entypo-fontello' ><\/span><\/a><\/div>\n<p>&nbsp;<\/p>\n<p>&nbsp;<\/p>\n","protected":false},"excerpt":{"rendered":"<p>Como ya expliqu\u00e9 en un post anterior, he colaborado en la realizaci\u00f3n de la pel\u00edcula de animaci\u00f3n &#8216;Klaus&#8216; durante 2 a\u00f1os, en los que mi\u00a0trabajo consisti\u00f3 en definir c\u00f3mo tendr\u00eda que ser la gesti\u00f3n del color en el workflow en primer lugar, y en calibrar y perfilar todas las pantallas involucradas en este proceso en [&hellip;]<\/p>\n","protected":false},"author":1,"featured_media":14466,"comment_status":"open","ping_status":"closed","sticky":false,"template":"","format":"standard","meta":{"footnotes":""},"categories":[81],"tags":[70,11,74],"class_list":["post-14409","post","type-post","status-publish","format-standard","has-post-thumbnail","hentry","category-news","tag-cine","tag-gestion-color","tag-video"],"_links":{"self":[{"href":"https:\/\/www.hugorodriguez.com\/blog\/wp-json\/wp\/v2\/posts\/14409","targetHints":{"allow":["GET"]}}],"collection":[{"href":"https:\/\/www.hugorodriguez.com\/blog\/wp-json\/wp\/v2\/posts"}],"about":[{"href":"https:\/\/www.hugorodriguez.com\/blog\/wp-json\/wp\/v2\/types\/post"}],"author":[{"embeddable":true,"href":"https:\/\/www.hugorodriguez.com\/blog\/wp-json\/wp\/v2\/users\/1"}],"replies":[{"embeddable":true,"href":"https:\/\/www.hugorodriguez.com\/blog\/wp-json\/wp\/v2\/comments?post=14409"}],"version-history":[{"count":5,"href":"https:\/\/www.hugorodriguez.com\/blog\/wp-json\/wp\/v2\/posts\/14409\/revisions"}],"predecessor-version":[{"id":14487,"href":"https:\/\/www.hugorodriguez.com\/blog\/wp-json\/wp\/v2\/posts\/14409\/revisions\/14487"}],"wp:featuredmedia":[{"embeddable":true,"href":"https:\/\/www.hugorodriguez.com\/blog\/wp-json\/wp\/v2\/media\/14466"}],"wp:attachment":[{"href":"https:\/\/www.hugorodriguez.com\/blog\/wp-json\/wp\/v2\/media?parent=14409"}],"wp:term":[{"taxonomy":"category","embeddable":true,"href":"https:\/\/www.hugorodriguez.com\/blog\/wp-json\/wp\/v2\/categories?post=14409"},{"taxonomy":"post_tag","embeddable":true,"href":"https:\/\/www.hugorodriguez.com\/blog\/wp-json\/wp\/v2\/tags?post=14409"}],"curies":[{"name":"wp","href":"https:\/\/api.w.org\/{rel}","templated":true}]}}