{"id":12805,"date":"2019-10-30T13:56:05","date_gmt":"2019-10-30T11:56:05","guid":{"rendered":"https:\/\/www.hugorodriguez.com\/blog\/?p=12805"},"modified":"2019-11-06T23:01:13","modified_gmt":"2019-11-06T21:01:13","slug":"workshop-gestion-del-color-en-casanovafot-bcn-3-dias-5-6-7-11","status":"publish","type":"post","link":"https:\/\/www.hugorodriguez.com\/blog\/2019\/10\/workshop-gestion-del-color-en-casanovafot-bcn-3-dias-5-6-7-11\/","title":{"rendered":"Workshop Gesti\u00f3n del Color en CasanovaFoto BCN 3 dias &#8211; 5-6-7\/11"},"content":{"rendered":"<p><a href=\"https:\/\/www.casanovafoto.com\/curso-de-gestion-color-noviembre.html\"><img loading=\"lazy\" decoding=\"async\" class=\"aligncenter size-full wp-image-12005\" src=\"https:\/\/www.hugorodriguez.com\/blog\/wp-content\/uploads\/2019\/09\/Taller-Gestion-color-3-dias-Casanova.jpg\" alt=\"\" width=\"600\" height=\"520\" srcset=\"https:\/\/www.hugorodriguez.com\/blog\/wp-content\/uploads\/2019\/09\/Taller-Gestion-color-3-dias-Casanova.jpg 600w, https:\/\/www.hugorodriguez.com\/blog\/wp-content\/uploads\/2019\/09\/Taller-Gestion-color-3-dias-Casanova-80x69.jpg 80w, https:\/\/www.hugorodriguez.com\/blog\/wp-content\/uploads\/2019\/09\/Taller-Gestion-color-3-dias-Casanova-500x433.jpg 500w, https:\/\/www.hugorodriguez.com\/blog\/wp-content\/uploads\/2019\/09\/Taller-Gestion-color-3-dias-Casanova-450x390.jpg 450w\" sizes=\"auto, (max-width: 600px) 100vw, 600px\" \/><\/a><\/p>\n<p>&nbsp;<\/p>\n<p>La semana que viene, entre martes y jueves estar\u00e9 impartiendo el curso de Gesti\u00f3n de Color en CasanovaFoto de BCN<\/p>\n<p>Este curso est\u00e1 pensado para acercar y facilitar el complejo mundo de la gesti\u00f3n del color, con un lenguaje accesible, al fot\u00f3grafo profesional o aficionado, haciendo hincapi\u00e9 en los temas que afectan directamente al fot\u00f3grafo o aficionado.<\/p>\n<p>Veremos qu\u00e9 es la gesti\u00f3n del color aplicada a la fotograf\u00eda digital, en cada una de las fases de trabajo (c\u00e1mara, monitor, impresora, laboratorio e imprenta) y c\u00f3mo aplicarla.<\/p>\n<p>&nbsp;<\/p>\n<h3 style=\"text-align: center;\">TEMARIO<\/h3>\n<p class=\"Lista123\">1)\u00a0\u00a0\u00a0 INTRODUCCI\u00d3N.<\/p>\n<ol>\n<li>\u00bfQu\u00e9 exactamente el color?<\/li>\n<li>\u00bfPor qu\u00e9 cambian los colores?<\/li>\n<li>C\u00f3mo funciona la gesti\u00f3n del color.<\/li>\n<li>Luz normalizada.<\/li>\n<\/ol>\n<p class=\"Lista123\">2)\u00a0\u00a0\u00a0 UN POCO DE COLORIMETR\u00cdA<\/p>\n<ol>\n<li>Descripci\u00f3n absoluta del color.<\/li>\n<li>Mapas, espacios y perfiles de color.<\/li>\n<li>Instalar perfiles.<\/li>\n<li>Configuraci\u00f3n de Photoshop.<\/li>\n<\/ol>\n<p class=\"Lista123\">3)\u00a0\u00a0\u00a0 LA CALIBRACI\u00d3N DEL MONITOR.<\/p>\n<ol>\n<li>Calibrar y perfilar.<\/li>\n<li>Punto blanco, negro y gamma.<\/li>\n<li>Calibrar con un calibrador (EyeOne).<\/li>\n<\/ol>\n<p class=\"Lista123\">4)\u00a0\u00a0\u00a0 OPERACIONES CON PERFILES<\/p>\n<ol>\n<li>Asignar un perfil. Pr\u00e1ctica.<\/li>\n<li>Convertir a un perfil. Pr\u00e1ctica.<\/li>\n<li>Prop\u00f3sitos de conversi\u00f3n. Pr\u00e1ctica.<\/li>\n<\/ol>\n<p class=\"Lista123\">5)\u00a0\u00a0\u00a0 CALIBRACI\u00d3N DE C\u00c1MARA<\/p>\n<ol>\n<li>Calibraci\u00f3n con Passport para ACR y Lr<\/li>\n<\/ol>\n<p class=\"Lista123\">6)\u00a0\u00a0\u00a0 GESTI\u00d3N DEL COLOR EN LA IMPRESI\u00d3N<\/p>\n<ol>\n<li>Perfiles gen\u00e9ricos y personalizados.<\/li>\n<li>Previsualizaci\u00f3n de la impresi\u00f3n (<em>Softproof<\/em>).<\/li>\n<li>La conversi\u00f3n final. Flujo de trabajo.<\/li>\n<\/ol>\n<p>&nbsp;<\/p>\n<div  class='avia-button-wrap av-mpc551-b29eaf6e87c05d65e518986a03407481-wrap avia-button-center  avia-builder-el-0  avia-builder-el-no-sibling '><a href='https:\/\/www.casanovafoto.com\/curso-de-gestion-color-noviembre.html'  class='avia-button av-mpc551-b29eaf6e87c05d65e518986a03407481 av-link-btn avia-icon_select-yes-right-icon avia-size-large avia-position-center avia-color-theme-color'  target=\"_blank\"  rel=\"noopener noreferrer\"  aria-label=\"SABER MAS...\"><span class='avia_iconbox_title' >SABER MAS...<\/span><span class='avia_button_icon avia_button_icon_right avia-iconfont avia-font-entypo-fontello' data-av_icon='\ue832' data-av_iconfont='entypo-fontello' ><\/span><\/a><\/div>\n<p>&nbsp;<\/p>\n","protected":false},"excerpt":{"rendered":"<p>&nbsp; La semana que viene, entre martes y jueves estar\u00e9 impartiendo el curso de Gesti\u00f3n de Color en CasanovaFoto de BCN Este curso est\u00e1 pensado para acercar y facilitar el complejo mundo de la gesti\u00f3n del color, con un lenguaje accesible, al fot\u00f3grafo profesional o aficionado, haciendo hincapi\u00e9 en los temas que afectan directamente al [&hellip;]<\/p>\n","protected":false},"author":1,"featured_media":12005,"comment_status":"open","ping_status":"closed","sticky":false,"template":"","format":"standard","meta":{"footnotes":""},"categories":[63],"tags":[54,23,208,11,119],"class_list":["post-12805","post","type-post","status-publish","format-standard","has-post-thumbnail","hentry","category-cursos","tag-barcelona","tag-calibracion","tag-casanova-foto","tag-gestion-color","tag-workshops"],"_links":{"self":[{"href":"https:\/\/www.hugorodriguez.com\/blog\/wp-json\/wp\/v2\/posts\/12805","targetHints":{"allow":["GET"]}}],"collection":[{"href":"https:\/\/www.hugorodriguez.com\/blog\/wp-json\/wp\/v2\/posts"}],"about":[{"href":"https:\/\/www.hugorodriguez.com\/blog\/wp-json\/wp\/v2\/types\/post"}],"author":[{"embeddable":true,"href":"https:\/\/www.hugorodriguez.com\/blog\/wp-json\/wp\/v2\/users\/1"}],"replies":[{"embeddable":true,"href":"https:\/\/www.hugorodriguez.com\/blog\/wp-json\/wp\/v2\/comments?post=12805"}],"version-history":[{"count":4,"href":"https:\/\/www.hugorodriguez.com\/blog\/wp-json\/wp\/v2\/posts\/12805\/revisions"}],"predecessor-version":[{"id":12920,"href":"https:\/\/www.hugorodriguez.com\/blog\/wp-json\/wp\/v2\/posts\/12805\/revisions\/12920"}],"wp:featuredmedia":[{"embeddable":true,"href":"https:\/\/www.hugorodriguez.com\/blog\/wp-json\/wp\/v2\/media\/12005"}],"wp:attachment":[{"href":"https:\/\/www.hugorodriguez.com\/blog\/wp-json\/wp\/v2\/media?parent=12805"}],"wp:term":[{"taxonomy":"category","embeddable":true,"href":"https:\/\/www.hugorodriguez.com\/blog\/wp-json\/wp\/v2\/categories?post=12805"},{"taxonomy":"post_tag","embeddable":true,"href":"https:\/\/www.hugorodriguez.com\/blog\/wp-json\/wp\/v2\/tags?post=12805"}],"curies":[{"name":"wp","href":"https:\/\/api.w.org\/{rel}","templated":true}]}}