{"id":1251,"date":"2014-10-15T11:32:49","date_gmt":"2014-10-15T10:32:49","guid":{"rendered":"http:\/\/www.hugorodriguez.com\/blog\/?p=1251"},"modified":"2019-04-02T12:54:45","modified_gmt":"2019-04-02T10:54:45","slug":"el-postgrado-en-fotografia-digital-de-lasalle-se-prepara-para-su-2a-edicion","status":"publish","type":"post","link":"https:\/\/www.hugorodriguez.com\/blog\/2014\/10\/el-postgrado-en-fotografia-digital-de-lasalle-se-prepara-para-su-2a-edicion\/","title":{"rendered":"El postgrado en Fotografia digital de LaSalle se prepara para su 2\u00aa edici\u00f3n"},"content":{"rendered":"<p>Efectivamente, despu\u00e9s de celebrarse la 1\u00aa edici\u00f3n el pasado curso, donde ya tuve <a title=\"Mi 1\u00aa clase en el postgrado de fotograf\u00eda digital de LaSalle\" href=\"http:\/\/www.hugorodriguez.com\/blog\/2014\/02\/mi-1a-clase-en-el-postgrado-de-fotografia-digital-de-lasalle\/\">el honor de participar<\/a>, se avecina la 2\u00aa, con algunos cambios y mejoras para hacerla a\u00fan m\u00e1s interesante.<\/p>\n<p>Una vez m\u00e1s, contar\u00e1n con un elenco de ponentes de primera l\u00ednea:\u00a0Tino Soriano, Albert Mas\u00f3 Planas, M\u00aa Rosa Vila, Nati Mart\u00ednez, Manel Soria, Siqui Sanchez, Iker Mor\u00e1n&#8230; y a\u00fan hay m\u00e1s!<\/p>\n<p>Ser\u00e1, sin duda alguna, uno de los m\u00e1s completos tanto por cantidad de materia como por duraci\u00f3n (casi 120 horas). Si te interesa, date prisa!<\/p>\n<p>Toda la <a href=\"http:\/\/beslasalle.salleurl.edu\/es\/postgrado-fotografia-digital\">informaci\u00f3n AQUI<\/a><\/p>\n<p>&nbsp;<\/p>\n<h3><span style=\"color: #ffff00\">Actualizaci\u00f3n<\/span>:<\/h3>\n<p>El pr\u00f3ximo jueves habr\u00e1 un Master Class de fotograf\u00eda patrocinada por la Univerdad Blanquerna y laSalle Campus Barcelona, impartida por. La asistencia es abierta y gratuita. Se trataran temas relacionados con el conservacionismo como proyecto personal y edici\u00f3n gr\u00e1fica.<br \/>\n\u00c9stas tem\u00e1ticas se imparten dentro del <a href=\"http:\/\/www.beslasalle.net\/portal\/masters\/masters-fotografia-pfd-barcelona\">postgrado en fotograf\u00eda digital<\/a> que LaSalle empieza a impartir a partir de febrero (y donde tengo el honor de participar con varias clases),<\/p>\n<p>Si te interesa, <a href=\"http:\/\/eventos.salleurl.edu\/events\/open-class-postgrado-en-fotografia-digital\/\">registrate aqui<\/a>.<\/p>\n<p>Actualizaci\u00f3n: aqu\u00ed tienes un video donde puedes ver c\u00f3mo ha sido la 1\u00aa edici\u00f3n.<\/p>\n<div  class='avia-video av-1y6tgz-218e5eb2af35d521afc7aa93f2b8e859 avia-video-16-9 av-no-preview-image avia-video-load-always av-lazyload-immediate av-lazyload-video-embed'  itemprop=\"video\" itemtype=\"https:\/\/schema.org\/VideoObject\"  data-original_url='http:\/\/www.youtube.com\/watch?v=jIuhd3xQFqw'><script type='text\/html' class='av-video-tmpl'><div class='avia-iframe-wrap'><iframe loading=\"lazy\" width=\"1500\" height=\"844\" src=\"http:\/\/www.youtube.com\/embed\/jIuhd3xQFqw?feature=oembed&autoplay=0&loop=0&controls=1&mute=0\" frameborder=\"0\" allowfullscreen><\/iframe><\/div><\/script><div class='av-click-to-play-overlay'><div class=\"avia_playpause_icon\"><\/div><\/div><\/div>\n","protected":false},"excerpt":{"rendered":"<p>Efectivamente, despu\u00e9s de celebrarse la 1\u00aa edici\u00f3n el pasado curso, donde ya tuve el honor de participar, se avecina la 2\u00aa, con algunos cambios y mejoras para hacerla a\u00fan m\u00e1s interesante. Una vez m\u00e1s, contar\u00e1n con un elenco de ponentes de primera l\u00ednea:\u00a0Tino Soriano, Albert Mas\u00f3 Planas, M\u00aa Rosa Vila, Nati Mart\u00ednez, Manel Soria, Siqui [&hellip;]<\/p>\n","protected":false},"author":1,"featured_media":1252,"comment_status":"open","ping_status":"closed","sticky":false,"template":"","format":"standard","meta":{"footnotes":""},"categories":[63],"tags":[241,122,123,124],"class_list":["post-1251","post","type-post","status-publish","format-standard","has-post-thumbnail","hentry","category-cursos","tag-cursos","tag-lasalle","tag-postgrado","tag-universidades"],"_links":{"self":[{"href":"https:\/\/www.hugorodriguez.com\/blog\/wp-json\/wp\/v2\/posts\/1251","targetHints":{"allow":["GET"]}}],"collection":[{"href":"https:\/\/www.hugorodriguez.com\/blog\/wp-json\/wp\/v2\/posts"}],"about":[{"href":"https:\/\/www.hugorodriguez.com\/blog\/wp-json\/wp\/v2\/types\/post"}],"author":[{"embeddable":true,"href":"https:\/\/www.hugorodriguez.com\/blog\/wp-json\/wp\/v2\/users\/1"}],"replies":[{"embeddable":true,"href":"https:\/\/www.hugorodriguez.com\/blog\/wp-json\/wp\/v2\/comments?post=1251"}],"version-history":[{"count":5,"href":"https:\/\/www.hugorodriguez.com\/blog\/wp-json\/wp\/v2\/posts\/1251\/revisions"}],"predecessor-version":[{"id":8004,"href":"https:\/\/www.hugorodriguez.com\/blog\/wp-json\/wp\/v2\/posts\/1251\/revisions\/8004"}],"wp:featuredmedia":[{"embeddable":true,"href":"https:\/\/www.hugorodriguez.com\/blog\/wp-json\/wp\/v2\/media\/1252"}],"wp:attachment":[{"href":"https:\/\/www.hugorodriguez.com\/blog\/wp-json\/wp\/v2\/media?parent=1251"}],"wp:term":[{"taxonomy":"category","embeddable":true,"href":"https:\/\/www.hugorodriguez.com\/blog\/wp-json\/wp\/v2\/categories?post=1251"},{"taxonomy":"post_tag","embeddable":true,"href":"https:\/\/www.hugorodriguez.com\/blog\/wp-json\/wp\/v2\/tags?post=1251"}],"curies":[{"name":"wp","href":"https:\/\/api.w.org\/{rel}","templated":true}]}}