{"id":10792,"date":"2019-07-29T13:01:12","date_gmt":"2019-07-29T11:01:12","guid":{"rendered":"https:\/\/www.hugorodriguez.com\/blog\/?p=10792"},"modified":"2019-07-29T13:01:12","modified_gmt":"2019-07-29T11:01:12","slug":"webinar-calibrando-el-benq-sw270c-por-hardware","status":"publish","type":"post","link":"https:\/\/www.hugorodriguez.com\/blog\/2019\/07\/webinar-calibrando-el-benq-sw270c-por-hardware\/","title":{"rendered":"Webinar: Calibrando el BenQ SW270C por hardware"},"content":{"rendered":"<p>Llegan las vacaciones y el tiempo libre. Y, \u00bfporqu\u00e9 no aprovechar para aprender eso que siempre dejas para otro dia? Me refiero a la calibraci\u00f3n del monitor.<\/p>\n<p><img loading=\"lazy\" decoding=\"async\" class=\"aligncenter wp-image-10795 size-full\" src=\"https:\/\/www.hugorodriguez.com\/blog\/wp-content\/uploads\/2019\/07\/ES-Palette-Master-webinar-fb-v2.jpg\" alt=\"\" width=\"800\" height=\"419\" srcset=\"https:\/\/www.hugorodriguez.com\/blog\/wp-content\/uploads\/2019\/07\/ES-Palette-Master-webinar-fb-v2.jpg 800w, https:\/\/www.hugorodriguez.com\/blog\/wp-content\/uploads\/2019\/07\/ES-Palette-Master-webinar-fb-v2-80x42.jpg 80w, https:\/\/www.hugorodriguez.com\/blog\/wp-content\/uploads\/2019\/07\/ES-Palette-Master-webinar-fb-v2-500x262.jpg 500w, https:\/\/www.hugorodriguez.com\/blog\/wp-content\/uploads\/2019\/07\/ES-Palette-Master-webinar-fb-v2-768x402.jpg 768w, https:\/\/www.hugorodriguez.com\/blog\/wp-content\/uploads\/2019\/07\/ES-Palette-Master-webinar-fb-v2-705x369.jpg 705w, https:\/\/www.hugorodriguez.com\/blog\/wp-content\/uploads\/2019\/07\/ES-Palette-Master-webinar-fb-v2-450x236.jpg 450w\" sizes=\"auto, (max-width: 800px) 100vw, 800px\" \/><\/p>\n<p>Pues este jueves si tienes un hueco puedes ver como calibro el nov\u00edsimo BenQ SW270C utilizando su propio programa, para llevar a cabo una calibraci\u00f3n de m\u00e1xima calidad, de las que se conocen como \u00abcalibrar por hardware\u00bb.<\/p>\n<p>Si te interesa, apunta en tu agenda el jueves 1 de agosto de 5 a 6!<\/p>\n<div  class='avia-button-wrap av-qqo0co-1a1d19491398af59c7f9167574989364-wrap avia-button-center  avia-builder-el-0  avia-builder-el-no-sibling '><a href='https:\/\/attendee.gotowebinar.com\/register\/6908660767028087809?source=HR'  class='avia-button av-qqo0co-1a1d19491398af59c7f9167574989364 av-link-btn avia-icon_select-yes-right-icon avia-size-medium avia-position-center avia-color-theme-color'  target=\"_blank\"  rel=\"noopener noreferrer\"  aria-label=\"\u00a1Me apunto!\"><span class='avia_iconbox_title' >\u00a1Me apunto!<\/span><span class='avia_button_icon avia_button_icon_right avia-iconfont avia-font-entypo-fontello' data-av_icon='\ue832' data-av_iconfont='entypo-fontello' ><\/span><\/a><\/div>\n<p>&nbsp;<\/p>\n","protected":false},"excerpt":{"rendered":"<p>Llegan las vacaciones y el tiempo libre. Y, \u00bfporqu\u00e9 no aprovechar para aprender eso que siempre dejas para otro dia? Me refiero a la calibraci\u00f3n del monitor. Pues este jueves si tienes un hueco puedes ver como calibro el nov\u00edsimo BenQ SW270C utilizando su propio programa, para llevar a cabo una calibraci\u00f3n de m\u00e1xima calidad, [&hellip;]<\/p>\n","protected":false},"author":1,"featured_media":10796,"comment_status":"open","ping_status":"closed","sticky":false,"template":"","format":"standard","meta":{"footnotes":""},"categories":[1],"tags":[150,23,20,11,234],"class_list":["post-10792","post","type-post","status-publish","format-standard","has-post-thumbnail","hentry","category-tecnica","tag-benq","tag-calibracion","tag-conferencias","tag-gestion-color","tag-monitores"],"_links":{"self":[{"href":"https:\/\/www.hugorodriguez.com\/blog\/wp-json\/wp\/v2\/posts\/10792","targetHints":{"allow":["GET"]}}],"collection":[{"href":"https:\/\/www.hugorodriguez.com\/blog\/wp-json\/wp\/v2\/posts"}],"about":[{"href":"https:\/\/www.hugorodriguez.com\/blog\/wp-json\/wp\/v2\/types\/post"}],"author":[{"embeddable":true,"href":"https:\/\/www.hugorodriguez.com\/blog\/wp-json\/wp\/v2\/users\/1"}],"replies":[{"embeddable":true,"href":"https:\/\/www.hugorodriguez.com\/blog\/wp-json\/wp\/v2\/comments?post=10792"}],"version-history":[{"count":3,"href":"https:\/\/www.hugorodriguez.com\/blog\/wp-json\/wp\/v2\/posts\/10792\/revisions"}],"predecessor-version":[{"id":10800,"href":"https:\/\/www.hugorodriguez.com\/blog\/wp-json\/wp\/v2\/posts\/10792\/revisions\/10800"}],"wp:featuredmedia":[{"embeddable":true,"href":"https:\/\/www.hugorodriguez.com\/blog\/wp-json\/wp\/v2\/media\/10796"}],"wp:attachment":[{"href":"https:\/\/www.hugorodriguez.com\/blog\/wp-json\/wp\/v2\/media?parent=10792"}],"wp:term":[{"taxonomy":"category","embeddable":true,"href":"https:\/\/www.hugorodriguez.com\/blog\/wp-json\/wp\/v2\/categories?post=10792"},{"taxonomy":"post_tag","embeddable":true,"href":"https:\/\/www.hugorodriguez.com\/blog\/wp-json\/wp\/v2\/tags?post=10792"}],"curies":[{"name":"wp","href":"https:\/\/api.w.org\/{rel}","templated":true}]}}